{"id":1458,"date":"2022-10-06T10:19:46","date_gmt":"2022-10-06T13:19:46","guid":{"rendered":"https:\/\/cool.tinca.org\/?p=1458"},"modified":"2022-10-06T10:19:46","modified_gmt":"2022-10-06T13:19:46","slug":"agronometrics-en-graficos-exportaciones-de-uva-de-chile-tendran-una-baja-en-temporada-2022-23","status":"publish","type":"post","link":"https:\/\/cool.tinca.org\/es\/agronometrics-en-graficos-exportaciones-de-uva-de-chile-tendran-una-baja-en-temporada-2022-23\/","title":{"rendered":"Agronometrics en Gr\u00e1ficos: Exportaciones de uva de Chile tendr\u00e1n una baja en temporada 2022-23"},"content":{"rendered":"<p><strong><em>En este art\u00edculo de las serie\u00a0<a href=\"https:\/\/www.portalfruticola.com\/noticias\/category\/agronometrics-en-graficos\/\">&#8220;En Gr\u00e1ficos&#8221;<\/a>\u00a0<\/em><em>, Sarah Ilyas estudia el estado de la temporada de ar\u00e1ndanos en Per\u00fa. Cada semana la serie analizar\u00e1 un cultivo hortofrut\u00edcola diferente, enfoc\u00e1ndose en un origen espec\u00edfico o tema para ver qu\u00e9 factores est\u00e1n llevando el cambio.<\/em><\/strong><\/p>\n<p>La escasez de agua, las lluvias torrenciales durante el per\u00edodo de cosecha y las dificultades log\u00edsticas cobraron un alto precio en los vol\u00famenes de uva chilena en la temporada 2021-2022. Los problemas de fumigaci\u00f3n que rompen la cadena de fr\u00edo causaron graves da\u00f1os a la fruta, lo que se traduce en costos inflados para los productores y ca\u00eddas en los precios al consumidor.<\/p>\n<p>Seg\u00fan la\u00a0<strong>primera estimaci\u00f3n de la temporada, se espera que Chile env\u00ede al mundo 70,6 millones de cajas<\/strong>\u00a0estandarizadas de 8,2 kg en la temporada 2022-2023. Se esperan m\u00e1s de 22 millones de cajas de variedades tradicionales y se proyecta el env\u00edo de aproximadamente 12 millones de cajas de Red Globes.<\/p>\n<p>Los\u00a0<strong>productores chilenos exportan anualmente 260 mil toneladas de uva de mesa a Estados Unidos<\/strong>. A pesar de la ca\u00edda del 5,1% en comparaci\u00f3n con la \u00faltima temporada, la fruta es de buen tama\u00f1o y calidad, lo que asegurar\u00e1 una demanda sostenida.<\/p>\n<p><img decoding=\"async\" class=\"wp-image-496511 aligncenter lazyload\" data-src=\"https:\/\/cdn.portalfruticola.com\/2022\/10\/grape-volumes-by-history-11.png\" data-sizes=\"(max-width: 684px) 100vw, 684px\" data-srcset=\"https:\/\/cdn.portalfruticola.com\/2022\/10\/grape-volumes-by-history-11-300x200.png 300w, https:\/\/cdn.portalfruticola.com\/2022\/10\/grape-volumes-by-history-11-1024x683.png 1024w, https:\/\/cdn.portalfruticola.com\/2022\/10\/grape-volumes-by-history-11.png 1200w\" alt=\"\" width=\"684\" height=\"456\" src=\"data:image\/svg+xml;base64,PHN2ZyB3aWR0aD0iMSIgaGVpZ2h0PSIxIiB4bWxucz0iaHR0cDovL3d3dy53My5vcmcvMjAwMC9zdmciPjwvc3ZnPg==\" style=\"--smush-placeholder-width: 684px; --smush-placeholder-aspect-ratio: 684\/456;\" \/><\/p>\n<h6>Fuente: USDA Market News via\u00a0<a href=\"https:\/\/www.agronometrics.com\/\" target=\"_blank\" rel=\"noopener noreferrer\" data-saferedirecturl=\"https:\/\/www.google.com\/url?q=https:\/\/www.agronometrics.com\/&amp;source=gmail&amp;ust=1566319046446000&amp;usg=AFQjCNFV233vFzvHVrPtOJpHb9InWA8dVw\">Agronometrics<\/a>)<\/h6>\n<p><img decoding=\"async\" class=\"wp-image-496512 aligncenter lazyload\" data-src=\"https:\/\/cdn.portalfruticola.com\/2022\/10\/grape-2.png\" data-sizes=\"(max-width: 658px) 100vw, 658px\" data-srcset=\"https:\/\/cdn.portalfruticola.com\/2022\/10\/grape-2-300x192.png 300w, https:\/\/cdn.portalfruticola.com\/2022\/10\/grape-2-1024x657.png 1024w, https:\/\/cdn.portalfruticola.com\/2022\/10\/grape-2.png 1182w\" alt=\"\" width=\"658\" height=\"422\" src=\"data:image\/svg+xml;base64,PHN2ZyB3aWR0aD0iMSIgaGVpZ2h0PSIxIiB4bWxucz0iaHR0cDovL3d3dy53My5vcmcvMjAwMC9zdmciPjwvc3ZnPg==\" style=\"--smush-placeholder-width: 658px; --smush-placeholder-aspect-ratio: 658\/422;\" \/><\/p>\n<h6>Fuente: USDA Market News via\u00a0<a href=\"https:\/\/www.agronometrics.com\/\" target=\"_blank\" rel=\"noopener noreferrer\" data-saferedirecturl=\"https:\/\/www.google.com\/url?q=https:\/\/www.agronometrics.com\/&amp;source=gmail&amp;ust=1566319046446000&amp;usg=AFQjCNFV233vFzvHVrPtOJpHb9InWA8dVw\">Agronometrics<\/a>)<\/h6>\n<hr \/>\n<p>El clima \u00e1rido del verano chileno favorece la producci\u00f3n de fruta de calidad y permite al pa\u00eds ser el primer productor de uva del hemisferio sur y del mundo. El Ministerio de Agricultura chileno est\u00e1 investigando un enfoque de sistemas para las exportaciones de uva chilena, que permitir\u00eda la exportaci\u00f3n de uvas sin fumigaci\u00f3n a los Estados Unidos.<\/p>\n<p>El\u00a0<strong>Servicio de Inspecci\u00f3n de Sanidad Animal y Vegetal del Departamento de Agricultura de Estados Unidos<\/strong>\u00a0(USDA) est\u00e1 estudiando esta posibilidad. El enfoque ayudar\u00eda a mejorar el acceso al mercado desde Atacama, Coquimbo y Valpara\u00edso. En la actualidad, el proceso de fumigaci\u00f3n requerido reduce la calidad y afecta a la vida \u00fatil de la fruta, lo que se traduce en precios m\u00e1s bajos por parte de los minoristas y una menor competitividad en el mercado mundial.<\/p>\n<p><img decoding=\"async\" class=\"wp-image-496513 aligncenter lazyload\" data-src=\"https:\/\/cdn.portalfruticola.com\/2022\/10\/grape-3.png\" data-sizes=\"(max-width: 633px) 100vw, 633px\" data-srcset=\"https:\/\/cdn.portalfruticola.com\/2022\/10\/grape-3-300x192.png 300w, https:\/\/cdn.portalfruticola.com\/2022\/10\/grape-3-1024x656.png 1024w, https:\/\/cdn.portalfruticola.com\/2022\/10\/grape-3.png 1175w\" alt=\"\" width=\"633\" height=\"406\" src=\"data:image\/svg+xml;base64,PHN2ZyB3aWR0aD0iMSIgaGVpZ2h0PSIxIiB4bWxucz0iaHR0cDovL3d3dy53My5vcmcvMjAwMC9zdmciPjwvc3ZnPg==\" style=\"--smush-placeholder-width: 633px; --smush-placeholder-aspect-ratio: 633\/406;\" \/><\/p>\n<h6>Fuente: USDA Market News via\u00a0<a href=\"https:\/\/www.agronometrics.com\/\" target=\"_blank\" rel=\"noopener noreferrer\" data-saferedirecturl=\"https:\/\/www.google.com\/url?q=https:\/\/www.agronometrics.com\/&amp;source=gmail&amp;ust=1566319046446000&amp;usg=AFQjCNFV233vFzvHVrPtOJpHb9InWA8dVw\">Agronometrics<\/a>)<\/h6>\n<hr \/>\n<p>El Consejo Directivo de ASOEX aprob\u00f3 recientemente la formaci\u00f3n de un nuevo Comit\u00e9 de Uva de Mesa; esta medida se puso en marcha con el fin de luchar contra los desaf\u00edos que actualmente enfrenta el sector. El sector est\u00e1 dando pasos agigantados para aumentar su competitividad en los mercados internacionales.<\/p>\n<p><em>En nuestra serie &#8216;En Gr\u00e1ficos&#8217;, trabajamos para contar algunas de las historias que est\u00e1n moviendo la industria. Si\u00e9ntase libre de echar un vistazo a los otros\u00a0<a href=\"https:\/\/www.portalfruticola.com\/noticias\/category\/en-graficos\/\" target=\"_blank\" rel=\"noopener noreferrer\">art\u00edculos<\/a>\u00a0del sitio.<\/em><\/p>\n<p><em>Puede hacer un seguimiento de los mercados diariamente a trav\u00e9s de Agronometrics, una herramienta de visualizaci\u00f3n de datos creada para ayudar a la industria a entender las enormes cantidades de datos a la que los profesionales necesitan acceder para tomar decisiones informadas. Si encuentra \u00fatil la informaci\u00f3n y los cuadros de este art\u00edculo, no dude en visitarnos en\u00a0<strong><a href=\"https:\/\/www.agronometrics.com\/\" target=\"_blank\" rel=\"noopener noreferrer\">www.agronometrics.com<\/a><\/strong>, donde puede acceder f\u00e1cilmente a estos mismos gr\u00e1ficos, o explorar los otros 20 frutos que actualmente rastreamos.<\/em><\/p>\n<p>Publicado por: <a href=\"https:\/\/www.portalfruticola.com\/noticias\/2022\/10\/06\/agronometrics-en-graficos-exportaciones-de-uva-de-chile-caeran-en-la-temporada-2022-23\/?pk_campaign=91d4ba9235&amp;pk_source=mailchimp&amp;pk_medium=email&amp;pk_content=496510&amp;pk_cid=6c0e31d515&amp;utm_campaign=91d4ba9235&amp;utm_source=mailchimp&amp;utm_medium=email&amp;utm_content=496510&amp;utm_term=6c0e31d515\">Portalfrut\u00edcola<\/a><\/p>","protected":false},"excerpt":{"rendered":"<p>En este art\u00edculo de las serie\u00a0&#8220;En Gr\u00e1ficos&#8221;\u00a0, Sarah Ilyas estudia el estado de la temporada de ar\u00e1ndanos en Per\u00fa. Cada semana la serie analizar\u00e1 un cultivo hortofrut\u00edcola diferente, enfoc\u00e1ndose en un origen espec\u00edfico o tema para ver qu\u00e9 factores est\u00e1n llevando el cambio. La escasez de agua, las lluvias torrenciales durante el per\u00edodo de cosecha [&hellip;]<\/p>\n","protected":false},"author":2,"featured_media":1459,"comment_status":"open","ping_status":"open","sticky":false,"template":"","format":"standard","meta":{"_et_pb_use_builder":"","_et_pb_old_content":"","_et_gb_content_width":"","footnotes":""},"categories":[7],"tags":[],"class_list":["post-1458","post","type-post","status-publish","format-standard","has-post-thumbnail","hentry","category-news"],"_links":{"self":[{"href":"https:\/\/cool.tinca.org\/es\/wp-json\/wp\/v2\/posts\/1458","targetHints":{"allow":["GET"]}}],"collection":[{"href":"https:\/\/cool.tinca.org\/es\/wp-json\/wp\/v2\/posts"}],"about":[{"href":"https:\/\/cool.tinca.org\/es\/wp-json\/wp\/v2\/types\/post"}],"author":[{"embeddable":true,"href":"https:\/\/cool.tinca.org\/es\/wp-json\/wp\/v2\/users\/2"}],"replies":[{"embeddable":true,"href":"https:\/\/cool.tinca.org\/es\/wp-json\/wp\/v2\/comments?post=1458"}],"version-history":[{"count":1,"href":"https:\/\/cool.tinca.org\/es\/wp-json\/wp\/v2\/posts\/1458\/revisions"}],"predecessor-version":[{"id":1460,"href":"https:\/\/cool.tinca.org\/es\/wp-json\/wp\/v2\/posts\/1458\/revisions\/1460"}],"wp:featuredmedia":[{"embeddable":true,"href":"https:\/\/cool.tinca.org\/es\/wp-json\/wp\/v2\/media\/1459"}],"wp:attachment":[{"href":"https:\/\/cool.tinca.org\/es\/wp-json\/wp\/v2\/media?parent=1458"}],"wp:term":[{"taxonomy":"category","embeddable":true,"href":"https:\/\/cool.tinca.org\/es\/wp-json\/wp\/v2\/categories?post=1458"},{"taxonomy":"post_tag","embeddable":true,"href":"https:\/\/cool.tinca.org\/es\/wp-json\/wp\/v2\/tags?post=1458"}],"curies":[{"name":"wp","href":"https:\/\/api.w.org\/{rel}","templated":true}]}}