{"id":1807,"date":"2023-10-25T10:21:33","date_gmt":"2023-10-25T13:21:33","guid":{"rendered":"https:\/\/cool.tinca.org\/?p=1807"},"modified":"2023-10-25T10:21:33","modified_gmt":"2023-10-25T13:21:33","slug":"acuerdo-por-valparaiso-que-impulsa-el-desarrollo-portuario-de-la-ciudad-llega-al-presidente-boric","status":"publish","type":"post","link":"https:\/\/cool.tinca.org\/es\/acuerdo-por-valparaiso-que-impulsa-el-desarrollo-portuario-de-la-ciudad-llega-al-presidente-boric\/","title":{"rendered":"&#8216;Acuerdo por Valpara\u00edso&#8217;, que impulsa el desarrollo portuario de la ciudad, llega al Presidente Boric"},"content":{"rendered":"<div data-showmore=\"Vis mer\"><a href=\"https:\/\/www.agendamaritima.cl\/acuerdo-epv-gabriel-boric\/acuerdo-por-valparaiso-que-impulsa-el-desarrollo-portuario-de-la-ciudad-llega-al-presidente-boric\/1583590\">Publicado por Agendamar\u00edtima<\/a><\/div>\n<div class=\"caption\" data-showmore=\"Vis mer\">El pacto marca un hito importante al unificar los intereses y preocupaciones de la comunidad en torno a la expansi\u00f3n del puerto y al potencial crecimiento del borde costero.\u00a0Foto: EPV.<\/div>\n<h2 class=\"subtitle t20 tm16\">Instancia fue firmada por Puerto Valpara\u00edso, Gobierno Regional y Municipalidad de Valpara\u00edso, en ceremonia realizada en el Terminal de Pasajeros de la comuna.<\/h2>\n<p>En un acontecimiento sin precedentes en proyectos de inversi\u00f3n en Chile, se firm\u00f3, este jueves 23 de octubre, el &#8220;Acuerdo por Valpara\u00edso&#8221;, el cual promete dinamizar el desarrollo portuario de la ciudad. El acuerdo, que representa una nueva relaci\u00f3n entre el puerto, la ciudad y la regi\u00f3n, lleva las firmas del presidente de Puerto Valpara\u00edso, Luis Eduardo Escobar; el gobernador regional, Rodrigo Mundaca; y el alcalde de Valpara\u00edso, Jorge Sharp, adem\u00e1s de ser respaldado por los habitantes de la ciudad.<\/p>\n<p>Esta instancia marca un hito importante al unificar los intereses y preocupaciones de la comunidad en torno a la expansi\u00f3n del puerto y al potencial crecimiento del borde costero. La ceremonia de firma y entrega al presidente Gabriel Boric se llev\u00f3 a cabo en el Terminal de Pasajeros de Valpara\u00edso y cont\u00f3 con la asistencia de diversas figuras destacadas, incluyendo el ministro de Transportes, Juan Carlos Mu\u00f1oz, parlamentarios, autoridades de la Armada, l\u00edderes empresariales, acad\u00e9micos y la comunidad porte\u00f1a.<\/p>\n<p>Este importante hito para la ciudad y el pa\u00eds, que se logr\u00f3 gracias al consenso entre Empresa Portuaria Valpara\u00edso, la Ilustre Municipalidad de Valpara\u00edso, Gobierno Regional y comunidad, marca el inicio una nueva relaci\u00f3n ciudad puerto, en torno al desarrollo de la ampliaci\u00f3n, la expansi\u00f3n futura del puerto y una mirada m\u00e1s amplia sobre el borde costero de la ciudad como oportunidad de crecimiento.<\/p>\n<p>El presidente Gabriel Boric, tomo la palabra dentro del acto, valorando la iniciativa porte\u00f1a, \u201ctodos queremos a Valpara\u00edso y queremos lo mejor para Valpara\u00edso. Este acuerdo da cuenta de una lucidez y capacidad tremenda, porque ac\u00e1 no se est\u00e1 imponiendo un proyecto, sino que se construy\u00f3 desde abajo, con la gente y para la gente\u201d y agreg\u00f3 que \u201cnecesitamos que Valpara\u00edso avance en su expansi\u00f3n y modernizaci\u00f3n, por eso este acuerdo que me entregan hoy es una gran noticia, porque si queremos avanzar en un desarrollo m\u00e1s justo e inclusivo necesitamos m\u00e1s y mejores puertos, y Valpara\u00edso para ello es esencial\u201d.<\/p>\n<figure class=\"column desktop-floatLeft mobile-floatLeft small-12 large-4 small-abs-12 large-abs-4\" data-element-guid=\"2fec4ec9-22c8-4423-a95d-e387b332c7e9\">\n<div class=\"content\">\n<div class=\"content\">\n<div class=\"img fullwidthTarget\"><picture><source data-srcset=\"https:\/\/image.agendamaritima.cl\/1583601.webp?imageId=1583601&amp;width=706&amp;height=404&amp;format=webp\" type=\"image\/webp\" media=\"(min-width: 768px)\" \/><source data-srcset=\"https:\/\/image.agendamaritima.cl\/1583601.webp?imageId=1583601&amp;width=706&amp;height=404&amp;format=jpg\" type=\"image\/jpeg\" media=\"(min-width: 768px)\" \/><source data-srcset=\"https:\/\/image.agendamaritima.cl\/1583601.webp?imageId=1583601&amp;width=960&amp;height=548&amp;format=webp\" type=\"image\/webp\" media=\"(max-width: 767px)\" \/><source data-srcset=\"https:\/\/image.agendamaritima.cl\/1583601.webp?imageId=1583601&amp;width=960&amp;height=548&amp;format=jpg\" type=\"image\/jpeg\" media=\"(max-width: 767px)\" \/><img decoding=\"async\" title=\"Presidente Gabriel Boric encabez\u00f3 la trascendental ceremonia.\" data-src=\"https:\/\/image.agendamaritima.cl\/1583601.webp?imageId=1583601&amp;width=960&amp;height=548&amp;format=jpg\" alt=\"Presidente Gabriel Boric encabez\u00f3 la trascendental ceremonia.\" width=\"480\" height=\"274\" src=\"data:image\/svg+xml;base64,PHN2ZyB3aWR0aD0iMSIgaGVpZ2h0PSIxIiB4bWxucz0iaHR0cDovL3d3dy53My5vcmcvMjAwMC9zdmciPjwvc3ZnPg==\" class=\"lazyload\" style=\"--smush-placeholder-width: 480px; --smush-placeholder-aspect-ratio: 480\/274;\" \/><\/picture><\/div>\n<div class=\"caption\" data-showmore=\"Vis mer\"><\/div>\n<\/div>\n<\/div><figcaption class=\"\">Presidente Gabriel Boric encabez\u00f3 la trascendental ceremonia.<\/figcaption><div class=\"content\">\n<div class=\"content\">\n<div class=\"caption\" data-showmore=\"Vis mer\"><\/div>\n<\/div>\n<\/div><figcaption class=\"\">Foto: EPV.<\/figcaption><div class=\"content\">\n<div class=\"caption\" data-showmore=\"Vis mer\"><\/div>\n<\/div>\n<\/figure>\n<p>Boric tambi\u00e9n indic\u00f3 que \u201ceste acuerdo alcanzado\u2026a\u00fana esfuerzos para potenciar el desarrollo de la capacidad portuaria de la ciudad, creo que lo m\u00e1s importante es que conjuga las identidades m\u00faltiples de Valpara\u00edso, porque cuando hablamos de Valpara\u00edso nos referimos al puerto, pero tambi\u00e9n al Patrimonio de la Humanidad\u2026hablamos del transporte, del comercio local, de su vida universitaria, de su vida bohemia, del liceo y sus escuelas. Esta ciudad combina empuje, combina garra melancol\u00eda, fiesta y merece crecer y desarrollarse en justicia y armon\u00eda y aportar a Chile no solamente una belleza esc\u00e9nica de postal y gloriosas canciones, sino tambi\u00e9n un futuro de prosperidad y justicia para su pueblo y su gente\u201d.<\/p>\n<p>Por su parte el presidente de EPV, Luis Eduardo Escobar sostuvo que \u201ceste acuerdo es in\u00e9dito en Chile porque abre un nuevo camino en las relaciones puerto, ciudad y regi\u00f3n, en el desarrollo de grandes proyectos de infraestructura, en la actividad portuaria y, sobre todo, en la convivencia entre las distintas vocaciones y actividades que se desarrollan en Valpara\u00edso\u201d. A la vez que indic\u00f3 que la inversi\u00f3n rodea los 600 millones de d\u00f3lares (la inversi\u00f3n no minera en la regi\u00f3n m\u00e1s grande de los \u00faltimos a\u00f1os).<\/p>\n<p>\u201c Estos proyectos y otras nuevas iniciativas deber\u00e1n quedar plasmadas en un plan de desarrollo estrat\u00e9gico que consideren los 11 km que van desde el mirador Viento Sur en Playa Ancha, hasta el paseo Juan de Saavedra hacia Vi\u00f1a del Mar, ese plan que ser\u00e1 sometido a consulta ciudadana deber\u00e1 incorporar los avances que hemos logrado y proponer nuevos y mejores espacios de uso p\u00fablico, es con esta mirada que hemos abordado la ampliaci\u00f3n de la capacidad del puerto, el proyecto que estamos presentando hoy busca establecer un puerto que sea competitivo en el siglo 21 y que acomode a la industria del turismo de acuerdo a los est\u00e1ndares internacionales\u201d, puntualiz\u00f3 el directivo de la estatal\u201d.<\/p>\n<p>Por su parte, el gobernador Rodrigo Mundaca precis\u00f3 que Valpara\u00edso est\u00e1 llamado a recuperar su papel protag\u00f3nico para el desarrollo regional, nacional y sudamericano, articulando su vocaci\u00f3n como eje de transferencia de bienes y parte esencial de la cadena log\u00edstica y del turismo del pa\u00eds, que respeta el patrimonio y la cultura de su territorio\u201d agregando que \u201ceste acuerdo por Valpara\u00edso incorpora una mirada del desarrollo estrat\u00e9gico portuario, donde este no establece un marco de competencia con el Puerto de San Antonio, sino que, muy por el contrario, incorpora una mirada de reciprocidad, solidaridad y apoyo conjunto\u201d.<\/p>\n<figure class=\"column desktop-floatLeft mobile-floatLeft small-12 large-8 small-abs-12 large-abs-8\" data-element-guid=\"5637f64b-e8bc-4213-ae06-1e047d828b7f\">\n<div class=\"content\">\n<div class=\"content\">\n<div class=\"img fullwidthTarget\"><picture><source data-srcset=\"https:\/\/image.agendamaritima.cl\/1583603.webp?imageId=1583603&amp;width=1412&amp;height=806&amp;format=webp\" type=\"image\/webp\" media=\"(min-width: 768px)\" \/><source data-srcset=\"https:\/\/image.agendamaritima.cl\/1583603.webp?imageId=1583603&amp;width=1412&amp;height=806&amp;format=jpg\" type=\"image\/jpeg\" media=\"(min-width: 768px)\" \/><source data-srcset=\"https:\/\/image.agendamaritima.cl\/1583603.webp?imageId=1583603&amp;width=960&amp;height=548&amp;format=webp\" type=\"image\/webp\" media=\"(max-width: 767px)\" \/><source data-srcset=\"https:\/\/image.agendamaritima.cl\/1583603.webp?imageId=1583603&amp;width=960&amp;height=548&amp;format=jpg\" type=\"image\/jpeg\" media=\"(max-width: 767px)\" \/><img decoding=\"async\" title=\"Al acto asistieron diversas autoridades p\u00fablicas y privadas, l\u00edderes empresariales, acad\u00e9micos y la comunidad porte\u00f1a.\" data-src=\"https:\/\/image.agendamaritima.cl\/1583603.webp?imageId=1583603&amp;width=960&amp;height=548&amp;format=jpg\" alt=\"Al acto asistieron diversas autoridades p\u00fablicas y privadas, l\u00edderes empresariales, acad\u00e9micos y la comunidad porte\u00f1a.\" width=\"480\" height=\"274\" src=\"data:image\/svg+xml;base64,PHN2ZyB3aWR0aD0iMSIgaGVpZ2h0PSIxIiB4bWxucz0iaHR0cDovL3d3dy53My5vcmcvMjAwMC9zdmciPjwvc3ZnPg==\" class=\"lazyload\" style=\"--smush-placeholder-width: 480px; --smush-placeholder-aspect-ratio: 480\/274;\" \/><\/picture><\/div>\n<div class=\"caption\" data-showmore=\"Vis mer\"><\/div>\n<\/div>\n<\/div><figcaption class=\"\">Al acto asistieron diversas autoridades p\u00fablicas y privadas, l\u00edderes empresariales, acad\u00e9micos y la comunidad porte\u00f1a.<\/figcaption><div class=\"content\">\n<div class=\"content\">\n<div class=\"caption\" data-showmore=\"Vis mer\"><\/div>\n<\/div>\n<\/div><figcaption class=\"\">Foto: EPV.<\/figcaption><div class=\"content\">\n<div class=\"caption\" data-showmore=\"Vis mer\"><\/div>\n<\/div>\n<\/figure>\n<p>Asimismo, el alcalde de Valpara\u00edso, Jorge Sharp indic\u00f3 que \u201cesperamos que este sea el primer d\u00eda del resurgimiento de Valpara\u00edso. Lo que hacemos, luego de dos d\u00e9cadas, es poner de acuerdo a toda la ciudad en torno a la ampliaci\u00f3n de puerto y esto va a significar una nueva relaci\u00f3n m\u00e1s solidaria entre el puerto y la ciudad. Buscamos que el puerto aporte econ\u00f3micamente y de esa manera apoyar otras vocaciones econ\u00f3micas de la ciudad como turismo, el patrimonio, la ciudad universitaria\u201d, a eso sum\u00f3, \u201cqu\u00e9 mejor ejemplo de esto ser\u00e1 la futura y anhelada construcci\u00f3n del primer muelle de cruceros del pa\u00eds, que le dar\u00e1 al pa\u00eds, al turismo local, regional y nacional, nuevos horizontes\u201d.<\/p>\n<p>El acuerdo, rubricado por una amplia gama de autoridades y delegados de diversos \u00e1mbitos tanto en la ciudad como en la regi\u00f3n, ya sean del sector p\u00fablico o privado, se entreg\u00f3 al Presidente Boric con \u00e9xito en la tarea de reconciliar los intereses y preocupaciones mayoritarios en relaci\u00f3n con el crecimiento del puerto, su futura expansi\u00f3n y la visi\u00f3n m\u00e1s amplia que considera el borde costero de la ciudad como una oportunidad para el desarrollo.<\/p>","protected":false},"excerpt":{"rendered":"<p>Publicado por Agendamar\u00edtima El pacto marca un hito importante al unificar los intereses y preocupaciones de la comunidad en torno a la expansi\u00f3n del puerto y al potencial crecimiento del borde costero.\u00a0Foto: EPV. Instancia fue firmada por Puerto Valpara\u00edso, Gobierno Regional y Municipalidad de Valpara\u00edso, en ceremonia realizada en el Terminal de Pasajeros de la [&hellip;]<\/p>\n","protected":false},"author":2,"featured_media":1808,"comment_status":"closed","ping_status":"closed","sticky":false,"template":"","format":"standard","meta":{"_et_pb_use_builder":"","_et_pb_old_content":"","_et_gb_content_width":"","footnotes":""},"categories":[7],"tags":[],"class_list":["post-1807","post","type-post","status-publish","format-standard","has-post-thumbnail","hentry","category-news"],"_links":{"self":[{"href":"https:\/\/cool.tinca.org\/es\/wp-json\/wp\/v2\/posts\/1807","targetHints":{"allow":["GET"]}}],"collection":[{"href":"https:\/\/cool.tinca.org\/es\/wp-json\/wp\/v2\/posts"}],"about":[{"href":"https:\/\/cool.tinca.org\/es\/wp-json\/wp\/v2\/types\/post"}],"author":[{"embeddable":true,"href":"https:\/\/cool.tinca.org\/es\/wp-json\/wp\/v2\/users\/2"}],"replies":[{"embeddable":true,"href":"https:\/\/cool.tinca.org\/es\/wp-json\/wp\/v2\/comments?post=1807"}],"version-history":[{"count":1,"href":"https:\/\/cool.tinca.org\/es\/wp-json\/wp\/v2\/posts\/1807\/revisions"}],"predecessor-version":[{"id":1809,"href":"https:\/\/cool.tinca.org\/es\/wp-json\/wp\/v2\/posts\/1807\/revisions\/1809"}],"wp:featuredmedia":[{"embeddable":true,"href":"https:\/\/cool.tinca.org\/es\/wp-json\/wp\/v2\/media\/1808"}],"wp:attachment":[{"href":"https:\/\/cool.tinca.org\/es\/wp-json\/wp\/v2\/media?parent=1807"}],"wp:term":[{"taxonomy":"category","embeddable":true,"href":"https:\/\/cool.tinca.org\/es\/wp-json\/wp\/v2\/categories?post=1807"},{"taxonomy":"post_tag","embeddable":true,"href":"https:\/\/cool.tinca.org\/es\/wp-json\/wp\/v2\/tags?post=1807"}],"curies":[{"name":"wp","href":"https:\/\/api.w.org\/{rel}","templated":true}]}}