{"id":1845,"date":"2023-11-16T22:11:48","date_gmt":"2023-11-17T01:11:48","guid":{"rendered":"https:\/\/cool.tinca.org\/?p=1845"},"modified":"2023-11-16T22:11:48","modified_gmt":"2023-11-17T01:11:48","slug":"dan-inicio-a-la-temporada-de-uvas-de-mesa-chilena-2023-2024-gremios-insisten-en-la-urgencia-de-contar-con-el-systems-approach-para-mejorar-la-competitividad-de-esta-fruta","status":"publish","type":"post","link":"https:\/\/cool.tinca.org\/es\/dan-inicio-a-la-temporada-de-uvas-de-mesa-chilena-2023-2024-gremios-insisten-en-la-urgencia-de-contar-con-el-systems-approach-para-mejorar-la-competitividad-de-esta-fruta\/","title":{"rendered":"Dan inicio a la temporada de uvas de mesa chilena 2023-2024: Gremios insisten en la urgencia de contar con el Systems Approach para mejorar la competitividad de esta fruta"},"content":{"rendered":"<p><a href=\"https:\/\/www.simfruit.cl\/dan-inicio-a-la-temporada-de-uvas-de-mesa-chilena-2023-2024-gremios-insisten-en-la-urgencia-de-contar-con-el-systems-approach-para-mejorar-la-competitividad-de-esta-fruta\/\">Publicado por Simfruit.cl<\/a><\/p>\n<p><img decoding=\"async\" class=\"aligncenter wp-image-46110 size-800 lazyload\" data-src=\"https:\/\/www.simfruit.cl\/wp-content\/uploads\/2023\/11\/Inauguracion-UVA-800x533.jpg\" data-sizes=\"(max-width: 800px) 100vw, 800px\" data-srcset=\"https:\/\/www.simfruit.cl\/wp-content\/uploads\/2023\/11\/Inauguracion-UVA-200x133.jpg 200w, https:\/\/www.simfruit.cl\/wp-content\/uploads\/2023\/11\/Inauguracion-UVA-300x200.jpg 300w, https:\/\/www.simfruit.cl\/wp-content\/uploads\/2023\/11\/Inauguracion-UVA-400x267.jpg 400w, https:\/\/www.simfruit.cl\/wp-content\/uploads\/2023\/11\/Inauguracion-UVA-600x400.jpg 600w, https:\/\/www.simfruit.cl\/wp-content\/uploads\/2023\/11\/Inauguracion-UVA-768x512.jpg 768w, https:\/\/www.simfruit.cl\/wp-content\/uploads\/2023\/11\/Inauguracion-UVA-800x533.jpg 800w, https:\/\/www.simfruit.cl\/wp-content\/uploads\/2023\/11\/Inauguracion-UVA-1024x682.jpg 1024w, https:\/\/www.simfruit.cl\/wp-content\/uploads\/2023\/11\/Inauguracion-UVA-1200x800.jpg 1200w, https:\/\/www.simfruit.cl\/wp-content\/uploads\/2023\/11\/Inauguracion-UVA.jpg 1600w\" alt=\"\" width=\"800\" height=\"533\" src=\"data:image\/svg+xml;base64,PHN2ZyB3aWR0aD0iMSIgaGVpZ2h0PSIxIiB4bWxucz0iaHR0cDovL3d3dy53My5vcmcvMjAwMC9zdmciPjwvc3ZnPg==\" style=\"--smush-placeholder-width: 800px; --smush-placeholder-aspect-ratio: 800\/533;\" \/><\/p>\n<ul>\n<li><em><strong>Los productores y exportadores de uvas a\u00fan esperan la publicaci\u00f3n del protocolo para exportar uvas frescas con inspecci\u00f3n en origen hacia EEUU, el principal destino.<\/strong><\/em><\/li>\n<li><em><strong>Segunda estimaci\u00f3n de exportaciones corrobora crecimiento de los env\u00edos de variedades nuevas, las que llegar\u00edan al 63% del total que se exportar\u00eda esta temporada.<\/strong><\/em><\/li>\n<\/ul>\n<p>Con el inicio la cosecha de uvas de mesa en el Valle de Copiap\u00f3, la industria de la uva de mesa dio inicio a la temporada 2023-2024. Una campa\u00f1a que, pese a avizorarse en forma positiva, no est\u00e1 ausente de desaf\u00edos.<\/p>\n<p>La ceremonia inaugural fue organizada ayer por la Asociaci\u00f3n de Exportadores y Productores Agr\u00edcolas del Valle de Copiap\u00f3 (Apeco) y Frutas de Chile, en dependencias de la Hacienda Manflas en Copiap\u00f3, hasta donde lleg\u00f3 el ministro de agricultura, Esteban Valenzuela; el subdirector del Servicio Agr\u00edcola y Ganadero (SAG), Rodrigo Astete; el presidente de Frutas de Chile, Iv\u00e1n Marambio y Juan Carlos Sep\u00falveda, gerente de Fedefruta, adem\u00e1s, de autoridades locales, agricultores de la zona y representantes gremiales como Rodrigo Susaeta, presidente de Apeco, y la gerenta de la entidad, Alejandra Narv\u00e1ez.<\/p>\n<p>\u201cEstamos comenzando esta nueva temporada aqu\u00ed, en el Valle de Copiap\u00f3, zona desde donde salen las primeras uvas chilenas al mundo. Si bien vemos esta nueva campa\u00f1a con optimismo, especialmente producto de los menores vol\u00famenes de pa\u00edses competidores, que nos abre una oportunidad, lo cierto es que no podemos olvidar que esto obedece a un hecho puntual y no estructural. Por lo mismo, debemos seguir concentrados en aquellos factores que nos har\u00e1n mejorar al mediano y largo plazo\u201d, observ\u00f3 Iv\u00e1n Marambio, presidente de Frutas de Chile (ex Asoex).<\/p>\n<p>Agreg\u00f3: \u201cEstamos enfrentando una temporada desafiante, no s\u00f3lo por fen\u00f3menos clim\u00e1ticos adversos derivados del cambio clim\u00e1tico y el Fen\u00f3meno de El Ni\u00f1o, sino porque a\u00fan no contamos con la publicaci\u00f3n, por parte de Estados Unidos, del Systems Approach, protocolo que nos permitir\u00eda exportar nuestras uvas frescas sin fumigar. Y este s\u00ed es un hecho relevante para mejorar nuestra competitividad al mediano y largo plazo, especialmente en nuestro principal destino, Estados Unidos. Sabemos que el tema fue presentado por el Presidente Boric al Presidente Biden en su reuni\u00f3n bilateral, tal como se comprometi\u00f3 con nuestro sector. Ahora, estamos a la espera de los resultados de esta gesti\u00f3n, que esperamos sean positivos. Nuestra industria ha esperado m\u00e1s de 20 a\u00f1os contar con este protocolo y todo lo t\u00e9cnico ya est\u00e1 acordado por ambos pa\u00eds, y hoy s\u00f3lo falta su publicaci\u00f3n en el Federal Register de Estados Unidos\u201d.<\/p>\n<p>Juan Carlos Sep\u00falveda, gerente general de Fedefruta agreg\u00f3: \u201cEsperamos que este sea un excelente inicio para toda la temporada frut\u00edcola, pero tambi\u00e9n esperamos que las autoridades nacionales y de Estados Unidos logren llegar a un acuerdo para implementar el System Approach en nuestra uva de mesa , mejorando a\u00fan m\u00e1s nuestra calidad y condici\u00f3n en ese mercado\u201d.<\/p>\n<p>Por su parte, el ministro de Agricultura, Esteban Valenzuela, sostuvo: \u201cHemos escuchado el clamor, y el Gobierno ha estado en eso, desde las autoridades locales hasta el Presidente de la Rep\u00fablica, para reclamarle a los norteamericanos que no hay ninguna raz\u00f3n sim\u00e9trica fundada para que no publiquen este decreto, que se llama Systems Approach, que significa que la uva de mesa chilena puede ingresar al mercado Norteamericano sin bromuro de metilo. Lograr esto nos har\u00eda aumentar en torno a un tercio y quiz\u00e1s m\u00e1s el valor de la uva de exportaci\u00f3n. Entonces vamos a seguir como Gobierno, hemos hecho una reclamaci\u00f3n a la corte suprema en estos litigios que es la Organizaci\u00f3n Mundial de Comercio, estamos siguiendo los caminos judiciales a nivel internacional y conversaciones bilaterales complejas, pero seguimos defendiendo a la industria de la uva de mesa de Atacama\u201d.<\/p>\n<p>Finalmente, Rodrigo Susaeta, presidente de Apeco, coment\u00f3: \u201cTenemos buenas perspectivas, somos optimistas, como buenos agricultores, y pensamos en positivo, y hay buenas razones para pensar que este a\u00f1o nos va a tratar mejor que el a\u00f1o pasado (\u2026) A largo plazo es fundamental el Systems Approach. Yo creo que esta industria no va a sobrevivir sin el Systems Approach, ya que es una posibilidad para que nuestra fruta llegue a\u00fan en mejores condiciones a los mercados\u201d.<\/p>\n<p><img decoding=\"async\" class=\"wp-image-46114 size-800 aligncenter lazyload\" data-src=\"https:\/\/www.simfruit.cl\/wp-content\/uploads\/2023\/11\/Inauguracio%CC%81nuva5-800x533.jpg\" data-sizes=\"(max-width: 800px) 100vw, 800px\" data-srcset=\"https:\/\/www.simfruit.cl\/wp-content\/uploads\/2023\/11\/Inauguracio\u0301nuva5-200x133.jpg 200w, https:\/\/www.simfruit.cl\/wp-content\/uploads\/2023\/11\/Inauguracio\u0301nuva5-300x200.jpg 300w, https:\/\/www.simfruit.cl\/wp-content\/uploads\/2023\/11\/Inauguracio\u0301nuva5-400x267.jpg 400w, https:\/\/www.simfruit.cl\/wp-content\/uploads\/2023\/11\/Inauguracio\u0301nuva5-600x400.jpg 600w, https:\/\/www.simfruit.cl\/wp-content\/uploads\/2023\/11\/Inauguracio\u0301nuva5-768x512.jpg 768w, https:\/\/www.simfruit.cl\/wp-content\/uploads\/2023\/11\/Inauguracio\u0301nuva5-800x533.jpg 800w, https:\/\/www.simfruit.cl\/wp-content\/uploads\/2023\/11\/Inauguracio\u0301nuva5-1024x683.jpg 1024w, https:\/\/www.simfruit.cl\/wp-content\/uploads\/2023\/11\/Inauguracio\u0301nuva5.jpg 1200w\" alt=\"\" width=\"800\" height=\"533\" src=\"data:image\/svg+xml;base64,PHN2ZyB3aWR0aD0iMSIgaGVpZ2h0PSIxIiB4bWxucz0iaHR0cDovL3d3dy53My5vcmcvMjAwMC9zdmciPjwvc3ZnPg==\" style=\"--smush-placeholder-width: 800px; --smush-placeholder-aspect-ratio: 800\/533;\" \/><\/p>\n<p><strong>Estimaciones<\/strong><\/p>\n<p>Recientemente, Frutas de Chile, a trav\u00e9s de su Comit\u00e9 de Uva de Mesa, public\u00f3 su segunda estimaci\u00f3n para las exportaciones de uvas frescas para la temporada 2023-2024, proyect\u00e1ndose alcanzar 63.643.992 millones de cajas (equivalentes a 8,2 kilos), lo que es un 5,2% mayor al ejercicio anterior (2022-2023), y pr\u00e1cticamente el mismo volumen que la primera estimaci\u00f3n publicada en el mes de octubre (variaci\u00f3n de -0,2%).<\/p>\n<p>Ignacio Caballero, director de marketing de Frutas de Chile y coordinador del Comit\u00e9 de Uva de Mesa, destac\u00f3: \u201cLo importante de esta segunda estimaci\u00f3n es que se consolida el volumen proyectado de los env\u00edos de variedades nuevas, las cuales se mantienen en 63% del total de las exportaciones de uvas de mesa que haremos esta temporada\u201d.<\/p>\n<p>Asimismo resalt\u00f3: \u201cEstimamos que la regi\u00f3n de Atacama no registrar\u00e1 crecimientos, manteniendo su volumen en 10,5 millones de cajas. En tanto, la regi\u00f3n de Coquimbo se estima que presente un decrecimientro de 5%, bajando a 10,7 millones. Todo lo cual, hace m\u00e1s importante para estas regiones la implementaci\u00f3n del Systems Approach.\u201d<\/p>\n<p>Finalmente, debido a la coyuntura de menor volumen de uvas de California y Per\u00fa, se espera que Estados Unidos aumente su participaci\u00f3n como destino principal de este producto, pasando de 52% a 56%, llegando a 35,8 millones de cajas. Tambi\u00e9n disminuir\u00eda la participaci\u00f3n de Europa (mercado que caer\u00eda de 18% a 5%) y de Asia (de 21% a 19%).<\/p>","protected":false},"excerpt":{"rendered":"<p>Publicado por Simfruit.cl Los productores y exportadores de uvas a\u00fan esperan la publicaci\u00f3n del protocolo para exportar uvas frescas con inspecci\u00f3n en origen hacia EEUU, el principal destino. Segunda estimaci\u00f3n de exportaciones corrobora crecimiento de los env\u00edos de variedades nuevas, las que llegar\u00edan al 63% del total que se exportar\u00eda esta temporada. Con el inicio [&hellip;]<\/p>\n","protected":false},"author":2,"featured_media":1846,"comment_status":"closed","ping_status":"closed","sticky":false,"template":"","format":"standard","meta":{"_et_pb_use_builder":"","_et_pb_old_content":"","_et_gb_content_width":"","footnotes":""},"categories":[7],"tags":[],"class_list":["post-1845","post","type-post","status-publish","format-standard","has-post-thumbnail","hentry","category-news"],"_links":{"self":[{"href":"https:\/\/cool.tinca.org\/es\/wp-json\/wp\/v2\/posts\/1845","targetHints":{"allow":["GET"]}}],"collection":[{"href":"https:\/\/cool.tinca.org\/es\/wp-json\/wp\/v2\/posts"}],"about":[{"href":"https:\/\/cool.tinca.org\/es\/wp-json\/wp\/v2\/types\/post"}],"author":[{"embeddable":true,"href":"https:\/\/cool.tinca.org\/es\/wp-json\/wp\/v2\/users\/2"}],"replies":[{"embeddable":true,"href":"https:\/\/cool.tinca.org\/es\/wp-json\/wp\/v2\/comments?post=1845"}],"version-history":[{"count":1,"href":"https:\/\/cool.tinca.org\/es\/wp-json\/wp\/v2\/posts\/1845\/revisions"}],"predecessor-version":[{"id":1847,"href":"https:\/\/cool.tinca.org\/es\/wp-json\/wp\/v2\/posts\/1845\/revisions\/1847"}],"wp:featuredmedia":[{"embeddable":true,"href":"https:\/\/cool.tinca.org\/es\/wp-json\/wp\/v2\/media\/1846"}],"wp:attachment":[{"href":"https:\/\/cool.tinca.org\/es\/wp-json\/wp\/v2\/media?parent=1845"}],"wp:term":[{"taxonomy":"category","embeddable":true,"href":"https:\/\/cool.tinca.org\/es\/wp-json\/wp\/v2\/categories?post=1845"},{"taxonomy":"post_tag","embeddable":true,"href":"https:\/\/cool.tinca.org\/es\/wp-json\/wp\/v2\/tags?post=1845"}],"curies":[{"name":"wp","href":"https:\/\/api.w.org\/{rel}","templated":true}]}}