{"id":2020,"date":"2024-09-04T16:01:12","date_gmt":"2024-09-04T19:01:12","guid":{"rendered":"https:\/\/cool.tinca.org\/?p=2020"},"modified":"2024-09-04T16:01:12","modified_gmt":"2024-09-04T19:01:12","slug":"sag-logro-importante-acuerdo-con-china-que-beneficiara-a-los-exportadores-de-cerezas","status":"publish","type":"post","link":"https:\/\/cool.tinca.org\/es\/sag-logro-importante-acuerdo-con-china-que-beneficiara-a-los-exportadores-de-cerezas\/","title":{"rendered":"SAG logr\u00f3 importante acuerdo con China que beneficiar\u00e1 a los exportadores de cerezas"},"content":{"rendered":"<p>Publicado por <a href=\"https:\/\/www.agendamaritima.cl\/cerezas-comercio-exterior-exportaciones\/sag-logro-importante-acuerdo-con-china-que-beneficiara-a-los-exportadores-de-cerezas\/1817518\">Agendamar\u00edtima<\/a><\/p>\n<h2 class=\"subtitle t20 tm16\">Se estima que durante la pr\u00f3xima temporada se enviar\u00e1n 100 millones de cajas de esta fruta al gigante asi\u00e1tico, el principal mercado para el sector exportador de nuestro pa\u00eds.<\/h2>\n<p>Importantes acuerdos lograron el Servicio Agr\u00edcola y Ganadero (SAG) para facilitar el proceso de exportaci\u00f3n de cerezas producidas o embaladas en el \u00e1rea cuarentenada por mosca de la fruta. Esto luego de intensas negociaciones con la General Administration of Customs of the People\u2019s Republic of China, (GACC) que permitir\u00e1n enfrentar con mayor optimismo la temporada de esta fruta.<\/p>\n<p>\u201cGracias a la seriedad de nuestro pa\u00eds y a nuestra destacada condici\u00f3n fitosanitaria, China, uno de los mercados m\u00e1s exigentes del mundo, ha permitido que continuar con su exportaci\u00f3n cumpliendo con estrictos requisitos, incluso en medio de las campa\u00f1as por mosca de la fruta en las zonas productoras\u201d, se\u00f1al\u00f3 el ministro de Agricultura, Esteban Valenzuela, tras este importante acuerdo.<\/p>\n<p>Por su parte, el director nacional del SAG, Jos\u00e9 Guajardo Reyes, se mostr\u00f3 muy satisfecho con el \u00e9xito de las negociaciones y asegur\u00f3 que \u201cesta es una gran noticia para nuestro pa\u00eds. El SAG proyecta para esta temporada el env\u00edo de m\u00e1s de 100 millones de cajas de cerezas, un producto clave en nuestras exportaciones al pa\u00eds asi\u00e1tico\u201d.<\/p>\n<p>Una de las restricciones acordada entre ambos pa\u00edses ten\u00eda relaci\u00f3n con no poder embalar fruta fuera del \u00e1rea reglamentada, lo que pon\u00eda al sector productor y exportador chileno en un complejo escenario de cara a la pr\u00f3xima temporada porque la capacidad de las plantas ubicadas en dicha \u00e1rea no era suficiente. \u201cEsta nueva alternativa de embalaje representa un beneficio significativo para el sector, permiti\u00e9ndole enfrentar de mejor manera la pr\u00f3xima temporada de cerezas\u201d, indic\u00f3 Guajardo.<\/p>\n<p>Adem\u00e1s, se logr\u00f3 la autorizaci\u00f3n de tratamiento de fr\u00edo en tr\u00e1nsito en bodegas de naves. \u201cPoder contar con esta alternativa adicional al tradicional tratamiento de fr\u00edo en tr\u00e1nsito en contenedores, alivia la posible escasez de contenedores que pudiera existir debido a la gran cantidad de cerezas que requerir\u00e1n tratamiento de fr\u00edo esta temporada por encontrarse en \u00e1reas reglamentadas por mosca de la fruta\u201d, explic\u00f3 el director del SAG.<\/p>\n<p>\u201cEl compromiso del SAG es continuar combatiendo los focos de esta plaga, una de las m\u00e1s temidas en el sector agr\u00edcola a nivel mundial, de la cual Chile es considerado un pa\u00eds libre desde 1995. El objetivo es erradicarla lo antes posible y todos nuestros esfuerzos y recursos est\u00e1n dedicados a esta tarea\u201d, dijo Jos\u00e9 Guajardo.<\/p>\n<p>El ministro de Agricultura, Esteban Valenzuela, agreg\u00f3 que desde su cartera seguir\u00e1n fortaleciendo la cadena de exportaci\u00f3n de fruta y de otros productos agropecuarios al mundo. \u201cEs fundamental seguir trabajando en mejorar la log\u00edstica y nuestra seguridad estrat\u00e9gica en la producci\u00f3n fitosanitaria, teniendo una estrategia que pone a Asia entre nuestros principales socios comerciales\u201d, concluy\u00f3 la autoridad.<\/p>","protected":false},"excerpt":{"rendered":"<p>Publicado por Agendamar\u00edtima Se estima que durante la pr\u00f3xima temporada se enviar\u00e1n 100 millones de cajas de esta fruta al gigante asi\u00e1tico, el principal mercado para el sector exportador de nuestro pa\u00eds. Importantes acuerdos lograron el Servicio Agr\u00edcola y Ganadero (SAG) para facilitar el proceso de exportaci\u00f3n de cerezas producidas o embaladas en el \u00e1rea [&hellip;]<\/p>\n","protected":false},"author":2,"featured_media":2021,"comment_status":"closed","ping_status":"closed","sticky":false,"template":"","format":"standard","meta":{"_et_pb_use_builder":"","_et_pb_old_content":"","_et_gb_content_width":"","footnotes":""},"categories":[7],"tags":[],"class_list":["post-2020","post","type-post","status-publish","format-standard","has-post-thumbnail","hentry","category-news"],"_links":{"self":[{"href":"https:\/\/cool.tinca.org\/es\/wp-json\/wp\/v2\/posts\/2020","targetHints":{"allow":["GET"]}}],"collection":[{"href":"https:\/\/cool.tinca.org\/es\/wp-json\/wp\/v2\/posts"}],"about":[{"href":"https:\/\/cool.tinca.org\/es\/wp-json\/wp\/v2\/types\/post"}],"author":[{"embeddable":true,"href":"https:\/\/cool.tinca.org\/es\/wp-json\/wp\/v2\/users\/2"}],"replies":[{"embeddable":true,"href":"https:\/\/cool.tinca.org\/es\/wp-json\/wp\/v2\/comments?post=2020"}],"version-history":[{"count":2,"href":"https:\/\/cool.tinca.org\/es\/wp-json\/wp\/v2\/posts\/2020\/revisions"}],"predecessor-version":[{"id":2023,"href":"https:\/\/cool.tinca.org\/es\/wp-json\/wp\/v2\/posts\/2020\/revisions\/2023"}],"wp:featuredmedia":[{"embeddable":true,"href":"https:\/\/cool.tinca.org\/es\/wp-json\/wp\/v2\/media\/2021"}],"wp:attachment":[{"href":"https:\/\/cool.tinca.org\/es\/wp-json\/wp\/v2\/media?parent=2020"}],"wp:term":[{"taxonomy":"category","embeddable":true,"href":"https:\/\/cool.tinca.org\/es\/wp-json\/wp\/v2\/categories?post=2020"},{"taxonomy":"post_tag","embeddable":true,"href":"https:\/\/cool.tinca.org\/es\/wp-json\/wp\/v2\/tags?post=2020"}],"curies":[{"name":"wp","href":"https:\/\/api.w.org\/{rel}","templated":true}]}}