{"id":2066,"date":"2025-01-13T15:03:19","date_gmt":"2025-01-13T18:03:19","guid":{"rendered":"https:\/\/cool.tinca.org\/?p=2066"},"modified":"2025-01-13T15:03:19","modified_gmt":"2025-01-13T18:03:19","slug":"buque-wellington-star-arriba-a-coquimbo-impulsando-exportaciones-fruticolas","status":"publish","type":"post","link":"https:\/\/cool.tinca.org\/es\/buque-wellington-star-arriba-a-coquimbo-impulsando-exportaciones-fruticolas\/","title":{"rendered":"Buque Wellington Star arriba a Coquimbo impulsando exportaciones frut\u00edcolas"},"content":{"rendered":"<p>Publicado por <a href=\"https:\/\/www.elregional.cl\/?p=2921\">Diario El Regional<\/a><\/p>\n<article id=\"the-post\" class=\"container-wrapper post-content tie-standard\">\n<div class=\"entry-content entry clearfix\">\n<p>13 de enero de 2025<\/p>\n<p>\u2022 La regi\u00f3n demuestra su potencial exportador con el env\u00edo de frutas, consolidando su liderazgo en el mercado internacional particularmente a Am\u00e9rica del Norte.<\/p>\n<p>La exportaci\u00f3n de fruta es una actividad econ\u00f3mica clave para la Regi\u00f3n de Coquimbo, reconocida por la calidad y diversidad de su producci\u00f3n agr\u00edcola. De acuerdo, a los datos del Informe de Exportaciones Prochile 2023, la regi\u00f3n export\u00f3 m\u00e1s de 300 mil toneladas de fruta, destac\u00e1ndose productos como uvas, limones y paltas. Por su parte, Chile tiene como mercados preferentes de exportaci\u00f3n de frutas frescas, Estados Unidos, China, Europa y Am\u00e9rica Latina entre sus principales destinos.<\/p>\n<p><img decoding=\"async\" class=\"alignnone size-medium wp-image-2924 lazyload\" data-src=\"http:\/\/www.elregional.cl\/wp-content\/uploads\/2025\/01\/Screenshot_20250113_130704_Gallery-300x197.jpg\" data-sizes=\"(max-width: 300px) 100vw, 300px\" data-srcset=\"https:\/\/www.elregional.cl\/wp-content\/uploads\/2025\/01\/Screenshot_20250113_130704_Gallery-300x197.jpg 300w, https:\/\/www.elregional.cl\/wp-content\/uploads\/2025\/01\/Screenshot_20250113_130704_Gallery-1024x673.jpg 1024w, https:\/\/www.elregional.cl\/wp-content\/uploads\/2025\/01\/Screenshot_20250113_130704_Gallery-768x505.jpg 768w, https:\/\/www.elregional.cl\/wp-content\/uploads\/2025\/01\/Screenshot_20250113_130704_Gallery.jpg 1080w\" alt=\"\" width=\"300\" height=\"197\" src=\"data:image\/svg+xml;base64,PHN2ZyB3aWR0aD0iMSIgaGVpZ2h0PSIxIiB4bWxucz0iaHR0cDovL3d3dy53My5vcmcvMjAwMC9zdmciPjwvc3ZnPg==\" style=\"--smush-placeholder-width: 300px; --smush-placeholder-aspect-ratio: 300\/197;\" \/><\/p>\n<p>Clave para la exportaci\u00f3n representan los servicios de buqu\u00e9 c\u00e1mara, tambi\u00e9n conocidos como frigor\u00edficos, ideales para productos perecederos. Este es el caso del buque Wellington Star que lleg\u00f3 al puerto el 06 de enero y que tiene una capacidad de transportar grandes vol\u00famenes de fruta bajo estrictos controles de temperatura, asegurando que los productos lleguen frescos a los mercados de destino. En esta recalada, el buque carg\u00f3 cerca 3.584 pallet de frutas, especialmente de uvas y cerezas. Su puerto de destino es Los \u00c1ngeles, Estados Unidos.<\/p>\n<p>\u201cLa llegada del Wellington Star representa el compromiso de nuestra regi\u00f3n con la exportaci\u00f3n de productos hortofrut\u00edcolas, reforzando nuestra posici\u00f3n en el comercio internacional y contribuyendo desde TPC, a posicionar la marca de Chile en el mundo. El Puerto de Coquimbo hoy tiene la capacidad para atender servicios de l\u00ednea y c\u00e1mara, diversificando las oportunidades de los productores y exportadores\u201d destac\u00f3 Laura Chiuminatto, Gerente General de TPC.<\/p>\n<p><img decoding=\"async\" class=\"alignnone size-medium wp-image-2925 lazyload\" data-src=\"http:\/\/www.elregional.cl\/wp-content\/uploads\/2025\/01\/Screenshot_20250113_130634_Gallery-300x209.jpg\" data-sizes=\"(max-width: 300px) 100vw, 300px\" data-srcset=\"https:\/\/www.elregional.cl\/wp-content\/uploads\/2025\/01\/Screenshot_20250113_130634_Gallery-300x209.jpg 300w, https:\/\/www.elregional.cl\/wp-content\/uploads\/2025\/01\/Screenshot_20250113_130634_Gallery-1024x712.jpg 1024w, https:\/\/www.elregional.cl\/wp-content\/uploads\/2025\/01\/Screenshot_20250113_130634_Gallery-768x534.jpg 768w, https:\/\/www.elregional.cl\/wp-content\/uploads\/2025\/01\/Screenshot_20250113_130634_Gallery.jpg 1080w\" alt=\"\" width=\"300\" height=\"209\" src=\"data:image\/svg+xml;base64,PHN2ZyB3aWR0aD0iMSIgaGVpZ2h0PSIxIiB4bWxucz0iaHR0cDovL3d3dy53My5vcmcvMjAwMC9zdmciPjwvc3ZnPg==\" style=\"--smush-placeholder-width: 300px; --smush-placeholder-aspect-ratio: 300\/209;\" \/><\/p>\n<p>En este sentido, Galo Luna, delegado presidencial de la Regi\u00f3n de Coquimbo, destac\u00f3 que \u201cqueremos continuar en el camino de la reactivaci\u00f3n econ\u00f3mica y eso tambi\u00e9n pasa por generar mejores condiciones para nuestras exportaciones. Tenemos a nuestro Puerto de Coquimbo que se consolida como una gran vitrina de la producci\u00f3n local, mejorando sus servicios con tecnolog\u00eda, pero tambi\u00e9n estamos comprometidos con inversiones y gesti\u00f3n para hacer que nuestros productos lleguen de mejor forma al mercado internacional, como los c\u00edtricos o la uva de mesa, entre otros, que hoy son inspeccionadas bajo el protocolo Systems Approach, un compromiso del presidente Gabriel Boric para que la producci\u00f3n nacional sea m\u00e1s competitiva\u201d.<\/p>\n<p>En este sentido, Ricardo Barckhahn, Gerente General de Cool Carriers Chile, indic\u00f3 que \u201cpara Cool Carriers la zona norte es muy importante desde el punto de vista de la carga. Llevamos muchos a\u00f1os operando en la zona, privilegiando mucho las operaciones en el Puerto de Coquimbo. Estamos muy contentos con el servicio que nos da TPC, la proactividad y el inter\u00e9s de sacar adelante cada recalada. Esto, porque es muy importante dar un servicio \u00f3ptimo a los clientes de la fruta, lo que incluye tambi\u00e9n un buen tiempo de tr\u00e1nsito y servicios directos que permiten mantener la calidad de la fruta. Con el Wellington Star estamos iniciando una nueva temporada y que refuerza nuestro compromiso con los exportadores y la zona norte.\u201d<\/p>\n<p>La Regi\u00f3n de Coquimbo sigue demostrando su capacidad para destacar en la escena global gracias al trabajo conjunto de la cadena log\u00edstica, que considera desde los agricultores y exportadores, hasta el trabajo colaborativo con las autoridades. Con cada exportaci\u00f3n, la fruta de temporada no solo lleva consigo el sabor y la calidad de esta tierra, sino tambi\u00e9n un mensaje de esfuerzo y excelencia.<\/p>\n<p><img decoding=\"async\" class=\"alignnone size-medium wp-image-2927 lazyload\" data-src=\"http:\/\/www.elregional.cl\/wp-content\/uploads\/2025\/01\/Screenshot_20250113_130547_Gallery-300x213.jpg\" data-sizes=\"auto, (max-width: 300px) 100vw, 300px\" data-srcset=\"https:\/\/www.elregional.cl\/wp-content\/uploads\/2025\/01\/Screenshot_20250113_130547_Gallery-300x213.jpg 300w, https:\/\/www.elregional.cl\/wp-content\/uploads\/2025\/01\/Screenshot_20250113_130547_Gallery-1024x726.jpg 1024w, https:\/\/www.elregional.cl\/wp-content\/uploads\/2025\/01\/Screenshot_20250113_130547_Gallery-768x545.jpg 768w, https:\/\/www.elregional.cl\/wp-content\/uploads\/2025\/01\/Screenshot_20250113_130547_Gallery.jpg 1080w\" alt=\"\" width=\"300\" height=\"213\" src=\"data:image\/svg+xml;base64,PHN2ZyB3aWR0aD0iMSIgaGVpZ2h0PSIxIiB4bWxucz0iaHR0cDovL3d3dy53My5vcmcvMjAwMC9zdmciPjwvc3ZnPg==\" style=\"--smush-placeholder-width: 300px; --smush-placeholder-aspect-ratio: 300\/213;\" \/><\/p>\n<p>&nbsp;<\/p>\n<\/div>\n<div class=\"clearfix\"><\/div>\n<\/article>\n<div class=\"post-components\">\n<div id=\"related-posts\" class=\"container-wrapper has-extra-post\">\n<div class=\"mag-box-title the-global-title\"><\/div>\n<\/div>\n<\/div>","protected":false},"excerpt":{"rendered":"<p>Publicado por Diario El Regional 13 de enero de 2025 \u2022 La regi\u00f3n demuestra su potencial exportador con el env\u00edo de frutas, consolidando su liderazgo en el mercado internacional particularmente a Am\u00e9rica del Norte. La exportaci\u00f3n de fruta es una actividad econ\u00f3mica clave para la Regi\u00f3n de Coquimbo, reconocida por la calidad y diversidad de [&hellip;]<\/p>\n","protected":false},"author":2,"featured_media":2067,"comment_status":"closed","ping_status":"closed","sticky":false,"template":"","format":"standard","meta":{"_et_pb_use_builder":"","_et_pb_old_content":"","_et_gb_content_width":"","footnotes":""},"categories":[7],"tags":[],"class_list":["post-2066","post","type-post","status-publish","format-standard","has-post-thumbnail","hentry","category-news"],"_links":{"self":[{"href":"https:\/\/cool.tinca.org\/es\/wp-json\/wp\/v2\/posts\/2066","targetHints":{"allow":["GET"]}}],"collection":[{"href":"https:\/\/cool.tinca.org\/es\/wp-json\/wp\/v2\/posts"}],"about":[{"href":"https:\/\/cool.tinca.org\/es\/wp-json\/wp\/v2\/types\/post"}],"author":[{"embeddable":true,"href":"https:\/\/cool.tinca.org\/es\/wp-json\/wp\/v2\/users\/2"}],"replies":[{"embeddable":true,"href":"https:\/\/cool.tinca.org\/es\/wp-json\/wp\/v2\/comments?post=2066"}],"version-history":[{"count":1,"href":"https:\/\/cool.tinca.org\/es\/wp-json\/wp\/v2\/posts\/2066\/revisions"}],"predecessor-version":[{"id":2068,"href":"https:\/\/cool.tinca.org\/es\/wp-json\/wp\/v2\/posts\/2066\/revisions\/2068"}],"wp:featuredmedia":[{"embeddable":true,"href":"https:\/\/cool.tinca.org\/es\/wp-json\/wp\/v2\/media\/2067"}],"wp:attachment":[{"href":"https:\/\/cool.tinca.org\/es\/wp-json\/wp\/v2\/media?parent=2066"}],"wp:term":[{"taxonomy":"category","embeddable":true,"href":"https:\/\/cool.tinca.org\/es\/wp-json\/wp\/v2\/categories?post=2066"},{"taxonomy":"post_tag","embeddable":true,"href":"https:\/\/cool.tinca.org\/es\/wp-json\/wp\/v2\/tags?post=2066"}],"curies":[{"name":"wp","href":"https:\/\/api.w.org\/{rel}","templated":true}]}}