{"id":696,"date":"2020-08-10T14:20:47","date_gmt":"2020-08-10T17:20:47","guid":{"rendered":"https:\/\/cool.tinca.org\/?p=696"},"modified":"2022-08-26T13:58:04","modified_gmt":"2022-08-26T16:58:04","slug":"uva-de-mesa-como-se-reparte-el-gran-negocio","status":"publish","type":"post","link":"https:\/\/cool.tinca.org\/es\/uva-de-mesa-como-se-reparte-el-gran-negocio\/","title":{"rendered":"Uva De Mesa: \u00bfC\u00f3mo Se Reparte El Gran Negocio?"},"content":{"rendered":"<div id=\"fws_5f3181486a6ab\" class=\"wpb_row vc_row-fluid vc_row standard_section\" data-midnight=\"dark\" data-bg-mobile-hidden=\"\">\n<div class=\"col span_12 dark left\">\n<div class=\"vc_col-sm-12 wpb_column column_container vc_column_container col no-extra-padding instance-0\" data-t-w-inherits=\"default\" data-border-radius=\"none\" data-shadow=\"none\" data-border-animation=\"\" data-border-animation-delay=\"\" data-border-width=\"none\" data-border-style=\"solid\" data-border-color=\"\" data-bg-cover=\"\" data-padding-pos=\"all\" data-has-bg-color=\"false\" data-bg-color=\"\" data-bg-opacity=\"1\" data-hover-bg=\"\" data-hover-bg-opacity=\"1\" data-animation=\"\" data-delay=\"0\">\n<div class=\"vc_column-inner\">\n<div class=\"wpb_wrapper\">\n<div class=\"wpb_text_column wpb_content_element\">\n<div class=\"wpb_wrapper\">\n<h2>An\u00e1lisis de fin de temporada de Top Info<\/h2>\n<\/div>\n<\/div>\n<div class=\"wpb_text_column wpb_content_element\">\n<div class=\"wpb_wrapper\">\n<p><em>La campa\u00f1a austral de uva 2019-20, cuyo informe acabamos de elaborar, fue la primera que sinti\u00f3 los efectos de la pandemia. Gracias a una r\u00e1pida adaptaci\u00f3n de los pa\u00edses australes a las nuevas circunstancias se logr\u00f3 finalizarla \u00a0con un nivel de exportaciones \u00a0similar al de otros a\u00f1os. Cuando se analiza la campa\u00f1a asombra el fuerte avance de las variedades patentadas sobre las cl\u00e1sicas, cuya participaci\u00f3n se redujo sensiblemente. Por parte de los proveedores contin\u00faa el crecimiento de Per\u00fa, se afirma Sud\u00e1frica, mientras que Chile se retrajo dada un clima adverso e inconvenientes pol\u00edticos y comerciales que surgieron.<\/em><\/p>\n<\/div>\n<\/div>\n<\/div>\n<\/div>\n<\/div>\n<\/div>\n<\/div>\n<div id=\"fws_5f31814878e9c\" class=\"wpb_row vc_row-fluid vc_row standard_section\" data-midnight=\"dark\" data-bg-mobile-hidden=\"\">\n<div class=\"row-bg-wrap\" data-bg-animation=\"none\">\n<div class=\"inner-wrap\">\n<div class=\"row-bg\"><\/div>\n<\/div>\n<div class=\"row-bg-overlay\"><\/div>\n<\/div>\n<div class=\"col span_12 dark left\">\n<div class=\"vc_col-sm-12 wpb_column column_container vc_column_container col no-extra-padding instance-1\" data-t-w-inherits=\"default\" data-border-radius=\"none\" data-shadow=\"none\" data-border-animation=\"\" data-border-animation-delay=\"\" data-border-width=\"none\" data-border-style=\"solid\" data-border-color=\"\" data-bg-cover=\"\" data-padding-pos=\"all\" data-has-bg-color=\"false\" data-bg-color=\"\" data-bg-opacity=\"1\" data-hover-bg=\"\" data-hover-bg-opacity=\"1\" data-animation=\"\" data-delay=\"0\">\n<div class=\"column-bg-overlay\"><\/div>\n<div class=\"vc_column-inner\">\n<div class=\"wpb_wrapper\">\n<div class=\"nectar-split-heading animated-in\">\n<div class=\"heading-line\">\n<div>\n<h3>TOTAL: Se mantiene en 1.3 millones de toneladas<\/h3>\n<\/div>\n<\/div>\n<div class=\"heading-line\">\n<div>\n<p>En los \u00faltimos a\u00f1os la exportaci\u00f3n austral de uva de mesa se ubic\u00f3 alrededor de las 1,3 millones de toneladas, siendo la primera fruta exportada por el hemisferio sur. En el 2019\/20 se exportaron 1,315 millones de toneladas.<\/p>\n<\/div>\n<\/div>\n<\/div>\n<\/div>\n<\/div>\n<\/div>\n<\/div>\n<\/div>\n<div id=\"fws_5f31814879d73\" class=\"wpb_row vc_row-fluid vc_row standard_section\" data-midnight=\"dark\" data-bg-mobile-hidden=\"\">\n<div class=\"row-bg-wrap\" data-bg-animation=\"none\">\n<div class=\"inner-wrap\">\n<div class=\"row-bg\"><\/div>\n<\/div>\n<div class=\"row-bg-overlay\"><\/div>\n<\/div>\n<div class=\"col span_12 dark left\">\n<div class=\"vc_col-sm-6 wpb_column column_container vc_column_container col no-extra-padding instance-2\" data-t-w-inherits=\"default\" data-border-radius=\"none\" data-shadow=\"none\" data-border-animation=\"\" data-border-animation-delay=\"\" data-border-width=\"none\" data-border-style=\"solid\" data-border-color=\"\" data-bg-cover=\"\" data-padding-pos=\"all\" data-has-bg-color=\"false\" data-bg-color=\"\" data-bg-opacity=\"1\" data-hover-bg=\"\" data-hover-bg-opacity=\"1\" data-animation=\"\" data-delay=\"0\">\n<div class=\"column-bg-overlay\"><\/div>\n<div class=\"vc_column-inner\">\n<div class=\"wpb_wrapper\">\n<div class=\"nectar-split-heading animated-in\">\n<div class=\"heading-line\">\n<div>\n<p>Mientras que en la \u00faltima d\u00e9cada el volumen solo registr\u00f3 un leve incremento, s\u00ed hubo un gran cambio entre los participantes. Chile es el gran gigante de la uva, el que se inici\u00f3 en este negocio y que es el indiscutible n\u00famero uno. Pero sus exportaciones, as\u00ed como su importancia, se han reducido en los \u00faltimos a\u00f1os. De aportar cerca del \u00a070% del total exportado por el hemisferio sur;\u00a0 pas\u00f3 en los \u00faltimos a\u00f1os al 50% y en el 2019\/20 incluso cay\u00f3 al 45%.<\/p>\n<\/div>\n<\/div>\n<\/div>\n<\/div>\n<\/div>\n<\/div>\n<div class=\"vc_col-sm-6 wpb_column column_container vc_column_container col no-extra-padding instance-3\" data-t-w-inherits=\"default\" data-border-radius=\"none\" data-shadow=\"none\" data-border-animation=\"\" data-border-animation-delay=\"\" data-border-width=\"none\" data-border-style=\"solid\" data-border-color=\"\" data-bg-cover=\"\" data-padding-pos=\"all\" data-has-bg-color=\"false\" data-bg-color=\"\" data-bg-opacity=\"1\" data-hover-bg=\"\" data-hover-bg-opacity=\"1\" data-animation=\"\" data-delay=\"0\">\n<div class=\"column-bg-overlay\"><\/div>\n<div class=\"vc_column-inner\">\n<div class=\"wpb_wrapper\">\n<div class=\"img-with-aniamtion-wrap center\" data-max-width=\"100%\" data-border-radius=\"none\">\n<div class=\"inner\"><img decoding=\"async\" class=\"img-with-animation animated-in lazyload\" data-src=\"http:\/\/www.topinfo.com.ar\/wp-content\/uploads\/2020\/08\/UVA-chik.png\" alt=\"\" width=\"700\" height=\"320\" data-shadow=\"none\" data-shadow-direction=\"middle\" data-delay=\"0\" data-animation=\"fade-in\" src=\"data:image\/svg+xml;base64,PHN2ZyB3aWR0aD0iMSIgaGVpZ2h0PSIxIiB4bWxucz0iaHR0cDovL3d3dy53My5vcmcvMjAwMC9zdmciPjwvc3ZnPg==\" style=\"--smush-placeholder-width: 700px; --smush-placeholder-aspect-ratio: 700\/320;\" \/><\/div>\n<\/div>\n<\/div>\n<\/div>\n<\/div>\n<\/div>\n<\/div>\n<div id=\"fws_5f3181487bcaf\" class=\"wpb_row vc_row-fluid vc_row standard_section\" data-midnight=\"dark\" data-bg-mobile-hidden=\"\">\n<div class=\"row-bg-wrap\" data-bg-animation=\"none\">\n<div class=\"inner-wrap\">\n<div class=\"row-bg\"><\/div>\n<\/div>\n<div class=\"row-bg-overlay\"><\/div>\n<\/div>\n<div class=\"col span_12 dark left\">\n<div class=\"vc_col-sm-12 wpb_column column_container vc_column_container col no-extra-padding instance-4\" data-t-w-inherits=\"default\" data-border-radius=\"none\" data-shadow=\"none\" data-border-animation=\"\" data-border-animation-delay=\"\" data-border-width=\"none\" data-border-style=\"solid\" data-border-color=\"\" data-bg-cover=\"\" data-padding-pos=\"all\" data-has-bg-color=\"false\" data-bg-color=\"\" data-bg-opacity=\"1\" data-hover-bg=\"\" data-hover-bg-opacity=\"1\" data-animation=\"\" data-delay=\"0\">\n<div class=\"column-bg-overlay\"><\/div>\n<div class=\"vc_column-inner\">\n<div class=\"wpb_wrapper\">\n<div class=\"nectar-split-heading animated-in\">\n<div class=\"heading-line\">\n<div>\n<p>Problemas clim\u00e1ticos, estructurales, as\u00ed como comerciales, complicaron el negocio de la uva chilena. Tambi\u00e9n hubo otros perdedores;\u00a0 aunque nunca tuvieron una incidencia tan grande; esto fue Brasil y Argentina. Brasil redujo sus exportaciones, volc\u00e1ndose m\u00e1s al mercado interno, mientras que en Argentina problemas productivos, clim\u00e1ticos y una pol\u00edtica poco amigable, llevaron a que desapareciera como proveedor de importancia mundial.<\/p>\n<\/div>\n<\/div>\n<\/div>\n<div class=\"nectar-split-heading animated-in\">\n<div class=\"heading-line\">\n<div>\n<p>Como gran ganador surge en primer lugar Per\u00fa. Pas\u00f3 de ser un proveedor menor hace diez a\u00f1o, a aportar actualmente casi un tercio de la uva austral. El \u00e9xito lo logr\u00f3 gracias a la suma de factores positivos: clima favorable, disponibilidad de agua, posibilidad de hacer grandes inversiones y una pol\u00edtica abierta al comercio mundial. Actualmente la uva es la primera fruta exportada por Per\u00fa.<\/p>\n<\/div>\n<\/div>\n<\/div>\n<div class=\"nectar-split-heading animated-in\">\n<div class=\"heading-line\">\n<div>\n<p>El tercer proveedor austral,\u00a0 Sud\u00e1frica, supo afianzarse en este negocio y registrar incluso un leve crecimiento en sus exportaciones.<\/p>\n<\/div>\n<\/div>\n<\/div>\n<\/div>\n<\/div>\n<\/div>\n<\/div>\n<\/div>\n<div id=\"fws_5f3181487cb13\" class=\"wpb_row vc_row-fluid vc_row standard_section\" data-midnight=\"dark\" data-bg-mobile-hidden=\"\">\n<div class=\"row-bg-wrap\" data-bg-animation=\"none\">\n<div class=\"inner-wrap\">\n<div class=\"row-bg\"><\/div>\n<\/div>\n<div class=\"row-bg-overlay\"><\/div>\n<\/div>\n<div class=\"col span_12 dark left\">\n<div class=\"vc_col-sm-12 wpb_column column_container vc_column_container col no-extra-padding instance-5\" data-t-w-inherits=\"default\" data-border-radius=\"none\" data-shadow=\"none\" data-border-animation=\"\" data-border-animation-delay=\"\" data-border-width=\"none\" data-border-style=\"solid\" data-border-color=\"\" data-bg-cover=\"\" data-padding-pos=\"all\" data-has-bg-color=\"false\" data-bg-color=\"\" data-bg-opacity=\"1\" data-hover-bg=\"\" data-hover-bg-opacity=\"1\" data-animation=\"\" data-delay=\"0\">\n<div class=\"column-bg-overlay\"><\/div>\n<div class=\"vc_column-inner\">\n<div class=\"wpb_wrapper\">\n<div class=\"nectar-split-heading animated-in\">\n<div class=\"heading-line\">\n<div>\n<h3>CHILE- Complejo escenario<\/h3>\n<\/div>\n<\/div>\n<div class=\"heading-line\">\n<div>\n<p>Fue una campa\u00f1a muy dif\u00edcil. Ya los pron\u00f3sticos iniciales no fueron los mejores, dado que Chile ven\u00eda sufriendo una de sus peores sequ\u00edas. A pesar que se realiz\u00f3 un uso racional del agua, se registraron mermas, tanto en cantidad, como calidad. A esto se sumaros dos eventos totalmente inesperados; al iniciarse la campa\u00f1a un estallido social redujo la disponibilidad de mano de obra y afect\u00f3 la log\u00edstica; al finalizar la campa\u00f1a surgi\u00f3 el Coronavirus que complic\u00f3 seriamente el comercio con China, para luego trasladarse a los otros mercados del norte.<\/p>\n<\/div>\n<\/div>\n<\/div>\n<\/div>\n<\/div>\n<\/div>\n<\/div>\n<\/div>\n<div id=\"fws_5f3181487d825\" class=\"wpb_row vc_row-fluid vc_row standard_section\" data-midnight=\"dark\" data-bg-mobile-hidden=\"\">\n<div class=\"row-bg-wrap\" data-bg-animation=\"none\">\n<div class=\"inner-wrap\">\n<div class=\"row-bg\"><\/div>\n<\/div>\n<div class=\"row-bg-overlay\"><\/div>\n<\/div>\n<div class=\"col span_12 dark left\">\n<div class=\"vc_col-sm-8 wpb_column column_container vc_column_container col no-extra-padding instance-6\" data-t-w-inherits=\"default\" data-border-radius=\"none\" data-shadow=\"none\" data-border-animation=\"\" data-border-animation-delay=\"\" data-border-width=\"none\" data-border-style=\"solid\" data-border-color=\"\" data-bg-cover=\"\" data-padding-pos=\"all\" data-has-bg-color=\"false\" data-bg-color=\"\" data-bg-opacity=\"1\" data-hover-bg=\"\" data-hover-bg-opacity=\"1\" data-animation=\"\" data-delay=\"0\">\n<div class=\"column-bg-overlay\"><\/div>\n<div class=\"vc_column-inner\">\n<div class=\"wpb_wrapper\">\n<div class=\"nectar-split-heading animated-in\">\n<div class=\"heading-line\">\n<div>\n<p>A pesar de esto se lleg\u00f3 a exportar alrededor de 600.000 tons, vol\u00famen solo levemente inferior al a\u00f1o previo. Las nuevas variedades y mejoras en la conducci\u00f3n lograron compensar parcialmente la merma por la sequ\u00eda.<\/p>\n<\/div>\n<\/div>\n<\/div>\n<\/div>\n<\/div>\n<\/div>\n<div class=\"vc_col-sm-4 wpb_column column_container vc_column_container col no-extra-padding instance-7\" data-t-w-inherits=\"default\" data-border-radius=\"none\" data-shadow=\"none\" data-border-animation=\"\" data-border-animation-delay=\"\" data-border-width=\"none\" data-border-style=\"solid\" data-border-color=\"\" data-bg-cover=\"\" data-padding-pos=\"all\" data-has-bg-color=\"false\" data-bg-color=\"\" data-bg-opacity=\"1\" data-hover-bg=\"\" data-hover-bg-opacity=\"1\" data-animation=\"\" data-delay=\"0\">\n<div class=\"column-bg-overlay\"><\/div>\n<div class=\"vc_column-inner\">\n<div class=\"wpb_wrapper\">\n<div class=\"img-with-aniamtion-wrap center\" data-max-width=\"100%\" data-border-radius=\"none\">\n<div class=\"inner\"><img decoding=\"async\" class=\"img-with-animation animated-in lazyload\" data-src=\"http:\/\/www.topinfo.com.ar\/wp-content\/uploads\/2020\/08\/UVA-CHI.png\" alt=\"\" width=\"713\" height=\"486\" data-shadow=\"none\" data-shadow-direction=\"middle\" data-delay=\"0\" data-animation=\"fade-in\" src=\"data:image\/svg+xml;base64,PHN2ZyB3aWR0aD0iMSIgaGVpZ2h0PSIxIiB4bWxucz0iaHR0cDovL3d3dy53My5vcmcvMjAwMC9zdmciPjwvc3ZnPg==\" style=\"--smush-placeholder-width: 713px; --smush-placeholder-aspect-ratio: 713\/486;\" \/><\/div>\n<\/div>\n<\/div>\n<\/div>\n<\/div>\n<\/div>\n<\/div>\n<div id=\"fws_5f3181487f258\" class=\"wpb_row vc_row-fluid vc_row standard_section\" data-midnight=\"dark\" data-bg-mobile-hidden=\"\">\n<div class=\"row-bg-wrap\" data-bg-animation=\"none\">\n<div class=\"inner-wrap\">\n<div class=\"row-bg\"><\/div>\n<\/div>\n<div class=\"row-bg-overlay\"><\/div>\n<\/div>\n<div class=\"col span_12 dark left\">\n<div class=\"vc_col-sm-12 wpb_column column_container vc_column_container col no-extra-padding instance-8\" data-t-w-inherits=\"default\" data-border-radius=\"none\" data-shadow=\"none\" data-border-animation=\"\" data-border-animation-delay=\"\" data-border-width=\"none\" data-border-style=\"solid\" data-border-color=\"\" data-bg-cover=\"\" data-padding-pos=\"all\" data-has-bg-color=\"false\" data-bg-color=\"\" data-bg-opacity=\"1\" data-hover-bg=\"\" data-hover-bg-opacity=\"1\" data-animation=\"\" data-delay=\"0\">\n<div class=\"column-bg-overlay\"><\/div>\n<div class=\"vc_column-inner\">\n<div class=\"wpb_wrapper\">\n<div class=\"nectar-split-heading animated-in\">\n<div class=\"heading-line\">\n<div>\n<p>El principal mercado contin\u00faa siendo los EE.UU., que tradicionalmente recibe la mitad de las exportaciones. Las empresas chilenas tienen una larga tradici\u00f3n y experiencia en el mercado norteamericano y fuertes lazos comerciales con los importadores y grandes cadenas minoristas. Esto no se ha modificado sustancialmente durante los \u00faltimos a\u00f1os. Mayor movimiento hubo en los otros destinos. Chile se retir\u00f3 parcialmente de Europa, teniendo importancia solo hacia el final de la campa\u00f1a. Tambi\u00e9n Rusia ya no compra los vol\u00famenes de otros a\u00f1os. Pero en contraposici\u00f3n creci\u00f3 Chile en Asia, continente al cual env\u00eda un tercio de sus env\u00edos.<\/p>\n<\/div>\n<\/div>\n<\/div>\n<div class=\"nectar-split-heading animated-in\">\n<div class=\"heading-line\">\n<div>\n<p>Con respecto a las variedades, dej\u00f3 su dependencia de la Thompson y Flame Seedless. Estas aportaron hace 10 a\u00f1os el 40% de los env\u00edos y actualmente solo lo hacen en un 18%. Se mantuvo la participaci\u00f3n de Crimson y Red Globe, que en el 2019\/20 aportaron el 22 y 25%. Los ganadores son las patentadas, cuyas exportaciones se duplicaron durante el \u00faltimo a\u00f1o. A pesar de este avance, Chile fue de los pa\u00edses australes que tard\u00f3 m\u00e1s en incorporarlas.<\/p>\n<\/div>\n<\/div>\n<\/div>\n<\/div>\n<\/div>\n<\/div>\n<\/div>\n<\/div>\n<div id=\"fws_5f31814880014\" class=\"wpb_row vc_row-fluid vc_row standard_section\" data-midnight=\"dark\" data-bg-mobile-hidden=\"\">\n<div class=\"row-bg-wrap\" data-bg-animation=\"none\">\n<div class=\"inner-wrap\">\n<div class=\"row-bg\"><\/div>\n<\/div>\n<div class=\"row-bg-overlay\"><\/div>\n<\/div>\n<div class=\"col span_12 dark left\">\n<div class=\"vc_col-sm-12 wpb_column column_container vc_column_container col no-extra-padding instance-9\" data-t-w-inherits=\"default\" data-border-radius=\"none\" data-shadow=\"none\" data-border-animation=\"\" data-border-animation-delay=\"\" data-border-width=\"none\" data-border-style=\"solid\" data-border-color=\"\" data-bg-cover=\"\" data-padding-pos=\"all\" data-has-bg-color=\"false\" data-bg-color=\"\" data-bg-opacity=\"1\" data-hover-bg=\"\" data-hover-bg-opacity=\"1\" data-animation=\"\" data-delay=\"0\">\n<div class=\"column-bg-overlay\"><\/div>\n<div class=\"vc_column-inner\">\n<div class=\"wpb_wrapper\">\n<div class=\"nectar-split-heading animated-in\">\n<div class=\"heading-line\">\n<div>\n<h3>PERU- Marcado vuelco hacia las patentadas<\/h3>\n<\/div>\n<\/div>\n<\/div>\n<div class=\"nectar-split-heading animated-in\">\n<div class=\"heading-line\">\n<div>\n<p>En la campa\u00f1a 2019\/20 Per\u00fa alcanz\u00f3 un nuevo record exportador, al alcanzar casi las 400.000 toneladas exportadas. Con esto se afianza cada vez m\u00e1s como gran proveedor de uva. Parte del \u00e9xito fue el fuerte vuelco de su producci\u00f3n hacia las nuevas variedades. Inicialmente era el gran productor de Red Globe, variedad que aportaba el 80% de las exportaciones. Pero gracias a un gran esfuerzo de reconversi\u00f3n dej\u00f3 la dependencia con la Red Globe, la cual actualmente solo aporte un tercio de las exportaciones. Dentro de las cl\u00e1sicas adquiri\u00f3 cierta importancia la Sugraone y Crimson. Pero las grandes ganadoras son las patentadas como la Sweet Globe, Sweet Celebration, Jack\u00b4s Salute, Timpson o Allison. La exportaci\u00f3n de las mismas se increment\u00f3 en un 30-90% durante el \u00faltimo a\u00f1o. Estas 5 aportaron en el 2019\/20 el 24% de los env\u00edos, a lo que hay que sumar la participaci\u00f3n de las patentadas de menor incidencia.<\/p>\n<\/div>\n<\/div>\n<\/div>\n<\/div>\n<\/div>\n<\/div>\n<\/div>\n<\/div>\n<div id=\"fws_5f31814880d74\" class=\"wpb_row vc_row-fluid vc_row standard_section\" data-midnight=\"dark\" data-bg-mobile-hidden=\"\">\n<div class=\"row-bg-wrap\" data-bg-animation=\"none\">\n<div class=\"inner-wrap\">\n<div class=\"row-bg\"><\/div>\n<\/div>\n<div class=\"row-bg-overlay\"><\/div>\n<\/div>\n<div class=\"col span_12 dark left\">\n<div class=\"vc_col-sm-8 wpb_column column_container vc_column_container col no-extra-padding instance-10\" data-t-w-inherits=\"default\" data-border-radius=\"none\" data-shadow=\"none\" data-border-animation=\"\" data-border-animation-delay=\"\" data-border-width=\"none\" data-border-style=\"solid\" data-border-color=\"\" data-bg-cover=\"\" data-padding-pos=\"all\" data-has-bg-color=\"false\" data-bg-color=\"\" data-bg-opacity=\"1\" data-hover-bg=\"\" data-hover-bg-opacity=\"1\" data-animation=\"\" data-delay=\"0\">\n<div class=\"column-bg-overlay\"><\/div>\n<div class=\"vc_column-inner\">\n<div class=\"wpb_wrapper\">\n<div class=\"nectar-split-heading animated-in\">\n<div class=\"heading-line\">\n<div>\n<p>Dentro de los destino se observa un aumento de la participaci\u00f3n de los EEUU y en segundo lugar el Lejano Oriente como mercado destino. Europa y Latinoam\u00e9rica mantienen su importancia, mientras que se redujo la de Rusia.<\/p>\n<\/div>\n<\/div>\n<\/div>\n<\/div>\n<\/div>\n<\/div>\n<div class=\"vc_col-sm-4 wpb_column column_container vc_column_container col no-extra-padding instance-11\" data-t-w-inherits=\"default\" data-border-radius=\"none\" data-shadow=\"none\" data-border-animation=\"\" data-border-animation-delay=\"\" data-border-width=\"none\" data-border-style=\"solid\" data-border-color=\"\" data-bg-cover=\"\" data-padding-pos=\"all\" data-has-bg-color=\"false\" data-bg-color=\"\" data-bg-opacity=\"1\" data-hover-bg=\"\" data-hover-bg-opacity=\"1\" data-animation=\"\" data-delay=\"0\">\n<div class=\"column-bg-overlay\"><\/div>\n<div class=\"vc_column-inner\">\n<div class=\"wpb_wrapper\">\n<div class=\"img-with-aniamtion-wrap center\" data-max-width=\"100%\" data-border-radius=\"none\">\n<div class=\"inner\"><img decoding=\"async\" class=\"img-with-animation animated-in lazyload\" data-src=\"http:\/\/www.topinfo.com.ar\/wp-content\/uploads\/2020\/08\/UVA-PERU.png\" alt=\"\" width=\"691\" height=\"436\" data-shadow=\"none\" data-shadow-direction=\"middle\" data-delay=\"0\" data-animation=\"fade-in\" src=\"data:image\/svg+xml;base64,PHN2ZyB3aWR0aD0iMSIgaGVpZ2h0PSIxIiB4bWxucz0iaHR0cDovL3d3dy53My5vcmcvMjAwMC9zdmciPjwvc3ZnPg==\" style=\"--smush-placeholder-width: 691px; --smush-placeholder-aspect-ratio: 691\/436;\" \/><\/div>\n<\/div>\n<\/div>\n<\/div>\n<\/div>\n<\/div>\n<\/div>\n<div id=\"fws_5f31814882712\" class=\"wpb_row vc_row-fluid vc_row standard_section\" data-midnight=\"dark\" data-bg-mobile-hidden=\"\">\n<div class=\"row-bg-wrap\" data-bg-animation=\"none\">\n<div class=\"inner-wrap\">\n<div class=\"row-bg\"><\/div>\n<\/div>\n<div class=\"row-bg-overlay\"><\/div>\n<\/div>\n<div class=\"col span_12 dark left\">\n<div class=\"vc_col-sm-12 wpb_column column_container vc_column_container col no-extra-padding instance-12\" data-t-w-inherits=\"default\" data-border-radius=\"none\" data-shadow=\"none\" data-border-animation=\"\" data-border-animation-delay=\"\" data-border-width=\"none\" data-border-style=\"solid\" data-border-color=\"\" data-bg-cover=\"\" data-padding-pos=\"all\" data-has-bg-color=\"false\" data-bg-color=\"\" data-bg-opacity=\"1\" data-hover-bg=\"\" data-hover-bg-opacity=\"1\" data-animation=\"\" data-delay=\"0\">\n<div class=\"column-bg-overlay\"><\/div>\n<div class=\"vc_column-inner\">\n<div class=\"wpb_wrapper\">\n<div class=\"nectar-split-heading animated-in\">\n<div class=\"heading-line\">\n<div>\n<h3>SUDAFRICA- Vuelco hacia las rosadas<\/h3>\n<\/div>\n<\/div>\n<div class=\"heading-line\">\n<div>\n<p>El negocio de la uva sudafricana se ha recuperado luego de dos a\u00f1os complicados por cuestiones clim\u00e1ticas y comerciales.\u00a0 A pesar de lluvias durante la cosecha en la regi\u00f3n norte y algunos retrasos, la temporada se desarroll\u00f3 favorablemente. La campa\u00f1a finaliz\u00f3 con una exportaci\u00f3n levemente por encima de las 280.000 tons y un 19% por encima del 2018\/19.<\/p>\n<\/div>\n<\/div>\n<\/div>\n<div class=\"nectar-split-heading animated-in\">\n<div class=\"heading-line\">\n<div>\n<p>Tambi\u00e9n en este caso se observa una tendencia muy marcada al cambio de variedades. Cuando se inici\u00f3 el negocio de la uva de mesa del hemisferio sur, Sud\u00e1frica dispon\u00eda principalmente de uvas con semilla. Hace 10 a\u00f1os casi la mitad de sus exportaciones correspond\u00edan a uvas blancas, rosadas y negras con semilla. Esto ha cambiado radicalmente, no solo que se volc\u00f3 a plena a las sin semilla, sino tambi\u00e9n incorpor\u00f3 a las patentadas. Actualmente solo el 6% de sus env\u00edos corresponden a uvas con semilla. \u00a0Algo m\u00e1s de la mitad corresponde a sin semilla tradicional y m\u00e1s de un tercio a patentadas.\u00a0 Dentro de los colores de la uva tambi\u00e9n hubo un fuerte cambio hacia las rosadas sin semilla, en desmedro de la blanca. Hace 10 a\u00f1os exportaba un 50% de blancas, 25% rosadas sin semilla, 10% Red Globe y 15% de negras; actualmente los porcentajes son 32% blancas, 49% rosadas sin semilla, 3% Red Globe y 16% negras.<\/p>\n<\/div>\n<\/div>\n<\/div>\n<\/div>\n<\/div>\n<\/div>\n<\/div>\n<\/div>\n<div id=\"fws_5f31814891cb3\" class=\"wpb_row vc_row-fluid vc_row standard_section\" data-midnight=\"dark\" data-bg-mobile-hidden=\"\">\n<div class=\"row-bg-wrap\" data-bg-animation=\"none\">\n<div class=\"inner-wrap\">\n<div class=\"row-bg\"><\/div>\n<\/div>\n<div class=\"row-bg-overlay\"><\/div>\n<\/div>\n<div class=\"col span_12 dark left\">\n<div class=\"vc_col-sm-8 wpb_column column_container vc_column_container col no-extra-padding instance-13\" data-t-w-inherits=\"default\" data-border-radius=\"none\" data-shadow=\"none\" data-border-animation=\"\" data-border-animation-delay=\"\" data-border-width=\"none\" data-border-style=\"solid\" data-border-color=\"\" data-bg-cover=\"\" data-padding-pos=\"all\" data-has-bg-color=\"false\" data-bg-color=\"\" data-bg-opacity=\"1\" data-hover-bg=\"\" data-hover-bg-opacity=\"1\" data-animation=\"\" data-delay=\"0\">\n<div class=\"column-bg-overlay\"><\/div>\n<div class=\"vc_column-inner\">\n<div class=\"wpb_wrapper\">\n<div class=\"nectar-split-heading animated-in\">\n<div class=\"heading-line\">\n<div>\n<p>\u00a0Con respecto a los destinos, a pesar de los esfuerzos realizados, continua con una fuerte dependencia con el mercado europeo. El 75% de sus env\u00edos se dirigen a Europa. Esto no se ha modificado sustancialmente durante los \u00faltimos a\u00f1os. Destinos menores son Asia, Norteam\u00e9rica y Rusia.<\/p>\n<p>&nbsp;<\/p>\n<\/div>\n<\/div>\n<\/div>\n<\/div>\n<\/div>\n<\/div>\n<div class=\"vc_col-sm-4 wpb_column column_container vc_column_container col no-extra-padding instance-14\" data-t-w-inherits=\"default\" data-border-radius=\"none\" data-shadow=\"none\" data-border-animation=\"\" data-border-animation-delay=\"\" data-border-width=\"none\" data-border-style=\"solid\" data-border-color=\"\" data-bg-cover=\"\" data-padding-pos=\"all\" data-has-bg-color=\"false\" data-bg-color=\"\" data-bg-opacity=\"1\" data-hover-bg=\"\" data-hover-bg-opacity=\"1\" data-animation=\"\" data-delay=\"0\">\n<div class=\"column-bg-overlay\"><\/div>\n<div class=\"vc_column-inner\">\n<div class=\"wpb_wrapper\">\n<div class=\"img-with-aniamtion-wrap center\" data-max-width=\"100%\" data-border-radius=\"none\">\n<div class=\"inner\"><img decoding=\"async\" class=\"img-with-animation animated-in lazyload\" data-src=\"http:\/\/www.topinfo.com.ar\/wp-content\/uploads\/2020\/08\/UVA-RSA.png\" alt=\"\" width=\"709\" height=\"445\" data-shadow=\"none\" data-shadow-direction=\"middle\" data-delay=\"0\" data-animation=\"fade-in\" src=\"data:image\/svg+xml;base64,PHN2ZyB3aWR0aD0iMSIgaGVpZ2h0PSIxIiB4bWxucz0iaHR0cDovL3d3dy53My5vcmcvMjAwMC9zdmciPjwvc3ZnPg==\" style=\"--smush-placeholder-width: 709px; --smush-placeholder-aspect-ratio: 709\/445;\" \/><\/div>\n<div><\/div>\n<\/div>\n<\/div>\n<div><\/div>\n<\/div>\n<\/div>\n<\/div>\n<\/div>\n<div id=\"fws_5f3181489368f\" class=\"wpb_row vc_row-fluid vc_row standard_section\" data-midnight=\"dark\" data-bg-mobile-hidden=\"\">\n<div class=\"inner-wrap\">Fuente: <a href=\"http:\/\/www.topinfo.com.ar\/2020\/08\/06\/uva-de-mesa-como-se-reparte-el-gran-negocio\/?utm_source=email_marketing&amp;utm_admin=16420&amp;utm_medium=email&amp;utm_campaign=Hola_MemberCustomField_estas_son_las_ltimas_novedades_de_TOPINFO\">TOPINFO<\/a><\/div>\n<\/div>","protected":false},"excerpt":{"rendered":"<p>An\u00e1lisis de fin de temporada de Top Info La campa\u00f1a austral de uva 2019-20, cuyo informe acabamos de elaborar, fue la primera que sinti\u00f3 los efectos de la pandemia. Gracias a una r\u00e1pida adaptaci\u00f3n de los pa\u00edses australes a las nuevas circunstancias se logr\u00f3 finalizarla \u00a0con un nivel de exportaciones \u00a0similar al de otros a\u00f1os. [&hellip;]<\/p>\n","protected":false},"author":2,"featured_media":699,"comment_status":"open","ping_status":"open","sticky":false,"template":"","format":"standard","meta":{"_et_pb_use_builder":"","_et_pb_old_content":"","_et_gb_content_width":"","footnotes":""},"categories":[7,1],"tags":[],"class_list":["post-696","post","type-post","status-publish","format-standard","has-post-thumbnail","hentry","category-news","category-sin-categoria"],"_links":{"self":[{"href":"https:\/\/cool.tinca.org\/es\/wp-json\/wp\/v2\/posts\/696","targetHints":{"allow":["GET"]}}],"collection":[{"href":"https:\/\/cool.tinca.org\/es\/wp-json\/wp\/v2\/posts"}],"about":[{"href":"https:\/\/cool.tinca.org\/es\/wp-json\/wp\/v2\/types\/post"}],"author":[{"embeddable":true,"href":"https:\/\/cool.tinca.org\/es\/wp-json\/wp\/v2\/users\/2"}],"replies":[{"embeddable":true,"href":"https:\/\/cool.tinca.org\/es\/wp-json\/wp\/v2\/comments?post=696"}],"version-history":[{"count":4,"href":"https:\/\/cool.tinca.org\/es\/wp-json\/wp\/v2\/posts\/696\/revisions"}],"predecessor-version":[{"id":702,"href":"https:\/\/cool.tinca.org\/es\/wp-json\/wp\/v2\/posts\/696\/revisions\/702"}],"wp:featuredmedia":[{"embeddable":true,"href":"https:\/\/cool.tinca.org\/es\/wp-json\/wp\/v2\/media\/699"}],"wp:attachment":[{"href":"https:\/\/cool.tinca.org\/es\/wp-json\/wp\/v2\/media?parent=696"}],"wp:term":[{"taxonomy":"category","embeddable":true,"href":"https:\/\/cool.tinca.org\/es\/wp-json\/wp\/v2\/categories?post=696"},{"taxonomy":"post_tag","embeddable":true,"href":"https:\/\/cool.tinca.org\/es\/wp-json\/wp\/v2\/tags?post=696"}],"curies":[{"name":"wp","href":"https:\/\/api.w.org\/{rel}","templated":true}]}}