{"id":730,"date":"2020-10-05T09:36:08","date_gmt":"2020-10-05T12:36:08","guid":{"rendered":"https:\/\/cool.tinca.org\/?p=730"},"modified":"2022-08-26T13:58:03","modified_gmt":"2022-08-26T16:58:03","slug":"productores-de-arandanos-en-latinoamerica-comienzan-a-delinear-estrategias-por-investigacion-de-eeuu","status":"publish","type":"post","link":"https:\/\/cool.tinca.org\/es\/productores-de-arandanos-en-latinoamerica-comienzan-a-delinear-estrategias-por-investigacion-de-eeuu\/","title":{"rendered":"Productores de ar\u00e1ndanos en Latinoam\u00e9rica comienzan a delinear estrategias por investigaci\u00f3n de EEUU."},"content":{"rendered":"<p>Distintos pa\u00edses productores de ar\u00e1ndanos de Latinoam\u00e9rica han comenzado a delinear las<br \/>\nestrategias que van a utilizar ante la posible investigaci\u00f3n que har\u00e1 EE.UU. a las<br \/>\nimportaciones de ar\u00e1ndanos.<\/p>\n<p>Chile, Argentina y Per\u00fa, son algunos de los pa\u00edses que han visto con alarma dicha situaci\u00f3n.<br \/>\nCabe recordar que Estados Unidos inform\u00f3 que van a hacer una investigaci\u00f3n de<br \/>\nsalvaguardia global de la Secci\u00f3n 201 sobre la medida en que el aumento de las<br \/>\nimportaciones de ar\u00e1ndanos ha causado un da\u00f1o grave o amenaza de da\u00f1o a los productores<br \/>\nnacionales de ar\u00e1ndano.<\/p>\n<p>Federico Bay\u00e1, presidente del Comit\u00e9 de Ar\u00e1ndanos Argentino (ABC), le indic\u00f3 a<br \/>\nPortalFrut\u00edcola.com que si bien a\u00fan no han visto un impacto en la industria argentina, si<br \/>\nest\u00e1n analizando la situaci\u00f3n.<\/p>\n<p>&#8220;El Departamento de Comercio ha iniciado formalmente este proceso de &#8220;evaluaci\u00f3n de<br \/>\nda\u00f1os&#8221; que durar\u00e1 aprox 120 d\u00edas y donde Argentina se presentar\u00e1 como afectado ante una<br \/>\npotencial medida de salvaguarda que adopte USA&#8221;, afirm\u00f3<br \/>\n&#8220;Desde ABC ya comenzamos a trabajar en el tema, tanto internamente como tambi\u00e9n con la<br \/>\nEmbajada Argentina en USA para delinear la estrategia y elaborar los informes<br \/>\ncorrespondientes para presentar en este caso&#8221;, coment\u00f3.<\/p>\n<p>A\u00f1adi\u00f3 que si Estados Unidos llega a continuar el curso de actual de acci\u00f3n, no deber\u00edan ver<br \/>\ngrandes problemas. Sin embargo remarc\u00f3 que &#8220;para eso debemos ser muy precisos en la<br \/>\nelaboraci\u00f3n de los informes pertinentes&#8221;. Sin embargo, Argentina no es el \u00fanico pa\u00eds que se est\u00e1 preparando para lidiar con esto.<\/p>\n<p><strong>Otros<\/strong><\/p>\n<p>Chile, a trav\u00e9s de su Asociaci\u00f3n de Exportadores de Fruta Asoex, y el Comit\u00e9 de Ar\u00e1ndanos,<br \/>\nest\u00e1n preparando una estrategia de defensa.<\/p>\n<p>Indicaron que el proceso ha sido m\u00e1s lento de lo que pensaban.<\/p>\n<p>\u201cLa demora puede deberse a que junto a las asociaciones de productores de Florida y<br \/>\nGeorgia, ahora se han sumado a apoyar esta causa los Estados de California, Oreg\u00f3n,<br \/>\nMichigan y Washington, adem\u00e1s de estar consider\u00e1ndose incluir tambi\u00e9n el ar\u00e1ndano<br \/>\ncongelado, el cual no est\u00e1 contemplado en el informe del USTR (Oficina del Representante<br \/>\nPortalFruticola.com<br \/>\nde Comercio de los Estados Unidos)\u201d, se\u00f1al\u00f3 Ronald Bown, presidente de Asoex.<\/p>\n<p>Asimismo Felipe Silva, presidente del Comit\u00e9 de Ar\u00e1ndanos coment\u00f3 que han estado en<br \/>\nreuniones con los ministerios pertinentes para coordinar una defensa.<\/p>\n<p>Al igual que Argentina, se\u00f1alaron que sus exportaciones de ar\u00e1ndanos a EE.UU. no deber\u00edan<br \/>\nestar en conflicto con la producci\u00f3n local.<\/p>\n<p>Adem\u00e1s, el presidente de Asoex remarc\u00f3 que a\u00fan si EE.UU. toma medidas, deber\u00edan ser<br \/>\nposteriores a la temporada chilena. Pese a ello no descart\u00f3 nada.<\/p>\n<p>El Comit\u00e9 de Ar\u00e1ndanos de Chile se integr\u00f3 a la \u201cCoalici\u00f3n de Ar\u00e1ndanos para el progreso y<br \/>\nla salud\u201d en la que participan empresas y asociaciones de los distintos pa\u00edses que exportan<br \/>\nar\u00e1ndanos a EE.UU., adem\u00e1s de retailers locales y otros actores interesados en mantener el<br \/>\ncomercio y el desarrollo de esta industria.<\/p>\n<p><strong>Representante comercial de EE.UU. solicita al ITC que investigue<\/strong><br \/>\n<strong>ar\u00e1ndanos<\/strong><\/p>\n<p>El Representante Comercial de Estados Unidos (USTR), Robert Lighthizer, envi\u00f3 una<br \/>\nsolicitud a la Comisi\u00f3n de Comercio Internacional (ITC) para iniciar una investigaci\u00f3n de<br \/>\nsalvaguardia global de la Secci\u00f3n 201 sobre la medida en que el aumento de las<br \/>\nimportaciones de ar\u00e1ndanos ha causado un da\u00f1o grave o amenaza de da\u00f1o a los productores<br \/>\nnacionales de ar\u00e1ndano.<\/p>\n<p>La solicitud del USTR incluye todas las importaciones dentro de las descripciones de<br \/>\nproductos bajo las siguientes categor\u00edas de informes estad\u00edsticos en la Lista de Aranceles<br \/>\nArmonizados de Estados Unidos:<\/p>\n<p>0810400029 (ar\u00e1ndanos cultivados, incluidos los arbustos altos, frescos o refrigerados);<br \/>\n0810400026 (ar\u00e1ndanos org\u00e1nicos certificados, frescos o refrigerados);<br \/>\n0810400024 (ar\u00e1ndanos silvestres, frescos o refrigerados);<br \/>\n0811902024 (ar\u00e1ndanos silvestres, sin cocer o cocidos al vapor o en agua, congelados);<br \/>\n0811902030 (ar\u00e1ndanos, org\u00e1nicos certificados, cultivados (incluido el arbusto alto), sin<br \/>\ncocer o cocidos al vapor o hirviendo en agua, congelados); y<br \/>\n0811902040 (ar\u00e1ndanos, cultivados (incluido el arbusto alto), sin cocer o cocidos al vapor o<br \/>\nhirviendo en agua, NESOI, congelados).<\/p>\n<p>\u201cEl presidente Trump reconoce los desaf\u00edos que enfrentan los agricultores de todo el pa\u00eds; y<br \/>\nPortalFruticola.com<br \/>\nla acci\u00f3n de hoy es solo una de las medidas que est\u00e1 tomando la Administraci\u00f3n para apoyar<br \/>\na los productores de EE.UU. de productos agr\u00edcolas perecederos y de temporada\u201d, dijo el<br \/>\nRepresentante Comercial de Estados Unidos, Robert Lighthizer.<\/p>\n<p>La investigaci\u00f3n podr\u00eda dar lugar a aranceles, cuotas u \u00f3rdenes de comercializaci\u00f3n para las<br \/>\nimportaciones de ar\u00e1ndanos.<\/p>\n<p>La American Blueberry Growers Alliance (&#8220;ABGA&#8221;) indic\u00f3 que aplaude la solicitud del USTR<br \/>\ny espera que la investigaci\u00f3n d\u00e9 lugar a un remedio que permita a la industria nacional<br \/>\n&#8220;recuperarse de los efectos da\u00f1inos del aumento de las importaciones de ar\u00e1ndanos&#8221;.<\/p>\n<p>Sin embargo, los cr\u00edticos de la investigaci\u00f3n argumentan que las importaciones de<br \/>\nar\u00e1ndanos han ayudado a proporcionar fruta a los consumidores durante todo el a\u00f1o y han<br \/>\ncontribuido a aumentar significativamente el consumo.<\/p>\n<p>Fuente: <a href=\"https:\/\/www.portalfruticola.com\/noticias\/2020\/10\/05\/productores-de-arandanos-en-latinoamerica-comienzan-a-delinear-defensas-por-investigacion-de-ee-uu\/\">PortalFruticola<\/a><\/p>","protected":false},"excerpt":{"rendered":"<p>Distintos pa\u00edses productores de ar\u00e1ndanos de Latinoam\u00e9rica han comenzado a delinear las estrategias que van a utilizar ante la posible investigaci\u00f3n que har\u00e1 EE.UU. a las importaciones de ar\u00e1ndanos. Chile, Argentina y Per\u00fa, son algunos de los pa\u00edses que han visto con alarma dicha situaci\u00f3n. Cabe recordar que Estados Unidos inform\u00f3 que van a hacer [&hellip;]<\/p>\n","protected":false},"author":2,"featured_media":731,"comment_status":"open","ping_status":"open","sticky":false,"template":"","format":"standard","meta":{"_et_pb_use_builder":"","_et_pb_old_content":"","_et_gb_content_width":"","footnotes":""},"categories":[7,1],"tags":[],"class_list":["post-730","post","type-post","status-publish","format-standard","has-post-thumbnail","hentry","category-news","category-sin-categoria"],"_links":{"self":[{"href":"https:\/\/cool.tinca.org\/es\/wp-json\/wp\/v2\/posts\/730","targetHints":{"allow":["GET"]}}],"collection":[{"href":"https:\/\/cool.tinca.org\/es\/wp-json\/wp\/v2\/posts"}],"about":[{"href":"https:\/\/cool.tinca.org\/es\/wp-json\/wp\/v2\/types\/post"}],"author":[{"embeddable":true,"href":"https:\/\/cool.tinca.org\/es\/wp-json\/wp\/v2\/users\/2"}],"replies":[{"embeddable":true,"href":"https:\/\/cool.tinca.org\/es\/wp-json\/wp\/v2\/comments?post=730"}],"version-history":[{"count":4,"href":"https:\/\/cool.tinca.org\/es\/wp-json\/wp\/v2\/posts\/730\/revisions"}],"predecessor-version":[{"id":735,"href":"https:\/\/cool.tinca.org\/es\/wp-json\/wp\/v2\/posts\/730\/revisions\/735"}],"wp:featuredmedia":[{"embeddable":true,"href":"https:\/\/cool.tinca.org\/es\/wp-json\/wp\/v2\/media\/731"}],"wp:attachment":[{"href":"https:\/\/cool.tinca.org\/es\/wp-json\/wp\/v2\/media?parent=730"}],"wp:term":[{"taxonomy":"category","embeddable":true,"href":"https:\/\/cool.tinca.org\/es\/wp-json\/wp\/v2\/categories?post=730"},{"taxonomy":"post_tag","embeddable":true,"href":"https:\/\/cool.tinca.org\/es\/wp-json\/wp\/v2\/tags?post=730"}],"curies":[{"name":"wp","href":"https:\/\/api.w.org\/{rel}","templated":true}]}}